{"id":3515,"date":"2014-08-28T15:40:23","date_gmt":"2014-08-28T13:40:23","guid":{"rendered":"http:\/\/belladot.com.loopiadns.com.loopiadns.com\/?p=3515"},"modified":"2016-04-21T15:39:48","modified_gmt":"2016-04-21T13:39:48","slug":"vi-ses-pa-apotek-egenvard-kista-2-3-september","status":"publish","type":"post","link":"https:\/\/belladot.com\/sv\/2014\/08\/28\/vi-ses-pa-apotek-egenvard-kista-2-3-september\/","title":{"rendered":"Vi ses p\u00e5 Apotek &#038; egenv\u00e5rd i Kista 2-3 september!"},"content":{"rendered":"<div style=\"color: #222222;\"><\/div>\n<p style=\"color: #222222;\">Bes\u00f6k oss\u00a0p\u00e5 \u00e5rets Apotek och Egenv\u00e5rd p\u00e5 \u200bKistam\u00e4ssan\u200b\u00a0den 2-3 september- m\u00f6tesplatsen f\u00f6r dig som arbetar med egenv\u00e5rdsprodukter och l\u00e4kemedel!<\/p>\n<h3><b>Utbildning<br \/>\n<\/b><\/h3>\n<p>V\u00e5r sexolog Sylvia och \u200brepresentant \u200bYlwa, h\u00e5ller en inspirerande och informativ \u200butbildning inom sexologi och intimprodukter.\u00a0Utbildningarna \u00e4r kl 11, 13 och 15 varje dag. <span style=\"color: #000000;\">Anm\u00e4l dig redan nu genom att skicka ett mail till ylwa@belladot.com.\u00a0<\/span>En kul goodiebag delas ut till dig som deltar p\u00e5 utbildningen.<\/p>\n<div style=\"color: #222222;\">\n<div><\/div>\n<h3>Nyheter<\/h3>\n<p>Vi lanseras tv\u00e5 nya produkter, <a title=\"Evelina menskopp\" href=\"http:\/\/belladot.com.loopiadns.com\/sv\/products\/evelina-menskopp\/\">Menskoppen Evelina<\/a> och ett billigt glidmedel som heter <a title=\"Nordic glide \u2013 Pure water\" href=\"http:\/\/belladot.com.loopiadns.com\/sv\/products\/nordic-glide-pure-water-glidmedel\/\">Nordic label &#8211; Pure water<\/a>.<\/p>\n<\/div>\n<div style=\"color: #222222;\"><\/div>\n<div style=\"color: #222222;\"><\/div>\n<div style=\"color: #222222;\">Du\u200b\u00a0hittar oss i monter D:32<\/div>\n<div style=\"color: #222222;\"><\/div>\n<div style=\"color: #222222;\"><\/div>\n<div style=\"color: #222222;\"><a href=\"http:\/\/www.apotekegenvard.se\" target=\"_blank\">http:\/\/www.apotekegenvard.se<\/a><\/div>\n","protected":false},"excerpt":{"rendered":"<p>Bes\u00f6k oss\u00a0p\u00e5 \u00e5rets Apotek och Egenv\u00e5rd p\u00e5 \u200bKistam\u00e4ssan\u200b\u00a0den 2-3 september- m\u00f6tesplatsen f\u00f6r dig som arbetar med egenv\u00e5rdsprodukter och l\u00e4kemedel! Utbildning V\u00e5r sexolog Sylvia och \u200brepresentant \u200bYlwa, h\u00e5ller en inspirerande och informativ \u200butbildning inom sexologi och intimprodukter.\u00a0Utbildningarna \u00e4r kl 11, 13 och 15 varje dag. Anm\u00e4l dig redan nu genom att skicka ett mail till ylwa@belladot.com.\u00a0En kul goodiebag delas ut till dig som deltar p\u00e5 utbildningen. Nyheter Vi lanseras tv\u00e5 nya produkter, Menskoppen Evelina och ett billigt glidmedel som heter Nordic label &#8211; Pure water. Du\u200b\u00a0hittar oss i monter D:32 http:\/\/www.apotekegenvard.se<\/p>\n","protected":false},"author":4,"featured_media":3518,"comment_status":"open","ping_status":"open","sticky":false,"template":"","format":"standard","meta":{"_acf_changed":false,"footnotes":""},"categories":[433],"tags":[],"class_list":["post-3515","post","type-post","status-publish","format-standard","has-post-thumbnail","hentry","category-tips"],"acf":[],"yoast_head":"<!-- This site is optimized with the Yoast SEO plugin v27.1.1 - https:\/\/yoast.com\/product\/yoast-seo-wordpress\/ -->\n<title>Vi ses p\u00e5 Apotek &amp; egenv\u00e5rd i Kista 2-3 september! - Belladot<\/title>\n<meta name=\"description\" content=\"Bes\u00f6k oss p\u00e5 \u00e5rets Apotek och Egenv\u00e5rd p\u00e5 \u200bKistam\u00e4ssan\u200b den 2-3 september- m\u00f6tesplatsen f\u00f6r dig som arbetar med egenv\u00e5rdsprodukter och l\u00e4kemedel! Utbildning\" \/>\n<meta name=\"robots\" content=\"index, follow, max-snippet:-1, max-image-preview:large, max-video-preview:-1\" \/>\n<link rel=\"canonical\" href=\"http:\/\/belladot.com\/sv\/2014\/08\/28\/vi-ses-pa-apotek-egenvard-kista-2-3-september\/\" \/>\n<meta property=\"og:locale\" content=\"sv_SE\" \/>\n<meta property=\"og:type\" content=\"article\" \/>\n<meta property=\"og:title\" content=\"Vi ses p\u00e5 Apotek &amp; egenv\u00e5rd i Kista 2-3 september! - Belladot\" \/>\n<meta property=\"og:description\" content=\"Bes\u00f6k oss p\u00e5 \u00e5rets Apotek och Egenv\u00e5rd p\u00e5 \u200bKistam\u00e4ssan\u200b den 2-3 september- m\u00f6tesplatsen f\u00f6r dig som arbetar med egenv\u00e5rdsprodukter och l\u00e4kemedel! Utbildning\" \/>\n<meta property=\"og:url\" content=\"http:\/\/belladot.com\/sv\/2014\/08\/28\/vi-ses-pa-apotek-egenvard-kista-2-3-september\/\" \/>\n<meta property=\"og:site_name\" content=\"Belladot\" \/>\n<meta property=\"article:published_time\" content=\"2014-08-28T13:40:23+00:00\" \/>\n<meta property=\"article:modified_time\" content=\"2016-04-21T13:39:48+00:00\" \/>\n<meta property=\"og:image\" content=\"http:\/\/belladot.com\/wp-content\/uploads\/2014\/08\/Utbildning-Belladot1.jpg\" \/>\n\t<meta property=\"og:image:width\" content=\"2592\" \/>\n\t<meta property=\"og:image:height\" content=\"1936\" \/>\n\t<meta property=\"og:image:type\" content=\"image\/jpeg\" \/>\n<meta name=\"author\" content=\"Christoffer Utbult\" \/>\n<meta name=\"twitter:label1\" content=\"Skriven av\" \/>\n\t<meta name=\"twitter:data1\" content=\"Christoffer Utbult\" \/>\n\t<meta name=\"twitter:label2\" content=\"Ber\u00e4knad l\u00e4stid\" \/>\n\t<meta name=\"twitter:data2\" content=\"1 minut\" \/>\n<script type=\"application\/ld+json\" class=\"yoast-schema-graph\">{\"@context\":\"https:\/\/schema.org\",\"@graph\":[{\"@type\":\"Article\",\"@id\":\"http:\/\/belladot.com\/sv\/2014\/08\/28\/vi-ses-pa-apotek-egenvard-kista-2-3-september\/#article\",\"isPartOf\":{\"@id\":\"http:\/\/belladot.com\/sv\/2014\/08\/28\/vi-ses-pa-apotek-egenvard-kista-2-3-september\/\"},\"author\":{\"name\":\"Christoffer Utbult\",\"@id\":\"https:\/\/belladot.com\/#\/schema\/person\/d4c518a4f80b2c35f2236c46b5089c15\"},\"headline\":\"Vi ses p\u00e5 Apotek &#038; egenv\u00e5rd i Kista 2-3 september!\",\"datePublished\":\"2014-08-28T13:40:23+00:00\",\"dateModified\":\"2016-04-21T13:39:48+00:00\",\"mainEntityOfPage\":{\"@id\":\"http:\/\/belladot.com\/sv\/2014\/08\/28\/vi-ses-pa-apotek-egenvard-kista-2-3-september\/\"},\"wordCount\":117,\"commentCount\":0,\"image\":{\"@id\":\"http:\/\/belladot.com\/sv\/2014\/08\/28\/vi-ses-pa-apotek-egenvard-kista-2-3-september\/#primaryimage\"},\"thumbnailUrl\":\"https:\/\/belladot.com\/wp-content\/uploads\/2014\/08\/Utbildning-Belladot1.jpg\",\"articleSection\":[\"Tips &amp; r\u00e5d\"],\"inLanguage\":\"sv-SE\",\"potentialAction\":[{\"@type\":\"CommentAction\",\"name\":\"Comment\",\"target\":[\"http:\/\/belladot.com\/sv\/2014\/08\/28\/vi-ses-pa-apotek-egenvard-kista-2-3-september\/#respond\"]}]},{\"@type\":\"WebPage\",\"@id\":\"http:\/\/belladot.com\/sv\/2014\/08\/28\/vi-ses-pa-apotek-egenvard-kista-2-3-september\/\",\"url\":\"http:\/\/belladot.com\/sv\/2014\/08\/28\/vi-ses-pa-apotek-egenvard-kista-2-3-september\/\",\"name\":\"Vi ses p\u00e5 Apotek & egenv\u00e5rd i Kista 2-3 september! - Belladot\",\"isPartOf\":{\"@id\":\"https:\/\/belladot.com\/#website\"},\"primaryImageOfPage\":{\"@id\":\"http:\/\/belladot.com\/sv\/2014\/08\/28\/vi-ses-pa-apotek-egenvard-kista-2-3-september\/#primaryimage\"},\"image\":{\"@id\":\"http:\/\/belladot.com\/sv\/2014\/08\/28\/vi-ses-pa-apotek-egenvard-kista-2-3-september\/#primaryimage\"},\"thumbnailUrl\":\"https:\/\/belladot.com\/wp-content\/uploads\/2014\/08\/Utbildning-Belladot1.jpg\",\"datePublished\":\"2014-08-28T13:40:23+00:00\",\"dateModified\":\"2016-04-21T13:39:48+00:00\",\"author\":{\"@id\":\"https:\/\/belladot.com\/#\/schema\/person\/d4c518a4f80b2c35f2236c46b5089c15\"},\"description\":\"Bes\u00f6k oss p\u00e5 \u00e5rets Apotek och Egenv\u00e5rd p\u00e5 \u200bKistam\u00e4ssan\u200b den 2-3 september- m\u00f6tesplatsen f\u00f6r dig som arbetar med egenv\u00e5rdsprodukter och l\u00e4kemedel! Utbildning\",\"inLanguage\":\"sv-SE\",\"potentialAction\":[{\"@type\":\"ReadAction\",\"target\":[\"http:\/\/belladot.com\/sv\/2014\/08\/28\/vi-ses-pa-apotek-egenvard-kista-2-3-september\/\"]}]},{\"@type\":\"ImageObject\",\"inLanguage\":\"sv-SE\",\"@id\":\"http:\/\/belladot.com\/sv\/2014\/08\/28\/vi-ses-pa-apotek-egenvard-kista-2-3-september\/#primaryimage\",\"url\":\"https:\/\/belladot.com\/wp-content\/uploads\/2014\/08\/Utbildning-Belladot1.jpg\",\"contentUrl\":\"https:\/\/belladot.com\/wp-content\/uploads\/2014\/08\/Utbildning-Belladot1.jpg\",\"width\":2592,\"height\":1936,\"caption\":\"Utbildning Belladot\"},{\"@type\":\"WebSite\",\"@id\":\"https:\/\/belladot.com\/#website\",\"url\":\"https:\/\/belladot.com\/\",\"name\":\"Belladot\",\"description\":\"\",\"potentialAction\":[{\"@type\":\"SearchAction\",\"target\":{\"@type\":\"EntryPoint\",\"urlTemplate\":\"https:\/\/belladot.com\/?s={search_term_string}\"},\"query-input\":{\"@type\":\"PropertyValueSpecification\",\"valueRequired\":true,\"valueName\":\"search_term_string\"}}],\"inLanguage\":\"sv-SE\"},{\"@type\":\"Person\",\"@id\":\"https:\/\/belladot.com\/#\/schema\/person\/d4c518a4f80b2c35f2236c46b5089c15\",\"name\":\"Christoffer Utbult\",\"image\":{\"@type\":\"ImageObject\",\"inLanguage\":\"sv-SE\",\"@id\":\"https:\/\/belladot.com\/#\/schema\/person\/image\/\",\"url\":\"https:\/\/secure.gravatar.com\/avatar\/2611b94af747d31d62cfdfdbfb3ffa8ad933c9a8eb172c26a41586110d6a409c?s=96&d=mm&r=g\",\"contentUrl\":\"https:\/\/secure.gravatar.com\/avatar\/2611b94af747d31d62cfdfdbfb3ffa8ad933c9a8eb172c26a41586110d6a409c?s=96&d=mm&r=g\",\"caption\":\"Christoffer Utbult\"}}]}<\/script>\n<!-- \/ Yoast SEO plugin. -->","yoast_head_json":{"title":"Vi ses p\u00e5 Apotek & egenv\u00e5rd i Kista 2-3 september! - Belladot","description":"Bes\u00f6k oss p\u00e5 \u00e5rets Apotek och Egenv\u00e5rd p\u00e5 \u200bKistam\u00e4ssan\u200b den 2-3 september- m\u00f6tesplatsen f\u00f6r dig som arbetar med egenv\u00e5rdsprodukter och l\u00e4kemedel! Utbildning","robots":{"index":"index","follow":"follow","max-snippet":"max-snippet:-1","max-image-preview":"max-image-preview:large","max-video-preview":"max-video-preview:-1"},"canonical":"http:\/\/belladot.com\/sv\/2014\/08\/28\/vi-ses-pa-apotek-egenvard-kista-2-3-september\/","og_locale":"sv_SE","og_type":"article","og_title":"Vi ses p\u00e5 Apotek & egenv\u00e5rd i Kista 2-3 september! - Belladot","og_description":"Bes\u00f6k oss p\u00e5 \u00e5rets Apotek och Egenv\u00e5rd p\u00e5 \u200bKistam\u00e4ssan\u200b den 2-3 september- m\u00f6tesplatsen f\u00f6r dig som arbetar med egenv\u00e5rdsprodukter och l\u00e4kemedel! Utbildning","og_url":"http:\/\/belladot.com\/sv\/2014\/08\/28\/vi-ses-pa-apotek-egenvard-kista-2-3-september\/","og_site_name":"Belladot","article_published_time":"2014-08-28T13:40:23+00:00","article_modified_time":"2016-04-21T13:39:48+00:00","og_image":[{"width":2592,"height":1936,"url":"http:\/\/belladot.com\/wp-content\/uploads\/2014\/08\/Utbildning-Belladot1.jpg","type":"image\/jpeg"}],"author":"Christoffer Utbult","twitter_misc":{"Skriven av":"Christoffer Utbult","Ber\u00e4knad l\u00e4stid":"1 minut"},"schema":{"@context":"https:\/\/schema.org","@graph":[{"@type":"Article","@id":"http:\/\/belladot.com\/sv\/2014\/08\/28\/vi-ses-pa-apotek-egenvard-kista-2-3-september\/#article","isPartOf":{"@id":"http:\/\/belladot.com\/sv\/2014\/08\/28\/vi-ses-pa-apotek-egenvard-kista-2-3-september\/"},"author":{"name":"Christoffer Utbult","@id":"https:\/\/belladot.com\/#\/schema\/person\/d4c518a4f80b2c35f2236c46b5089c15"},"headline":"Vi ses p\u00e5 Apotek &#038; egenv\u00e5rd i Kista 2-3 september!","datePublished":"2014-08-28T13:40:23+00:00","dateModified":"2016-04-21T13:39:48+00:00","mainEntityOfPage":{"@id":"http:\/\/belladot.com\/sv\/2014\/08\/28\/vi-ses-pa-apotek-egenvard-kista-2-3-september\/"},"wordCount":117,"commentCount":0,"image":{"@id":"http:\/\/belladot.com\/sv\/2014\/08\/28\/vi-ses-pa-apotek-egenvard-kista-2-3-september\/#primaryimage"},"thumbnailUrl":"https:\/\/belladot.com\/wp-content\/uploads\/2014\/08\/Utbildning-Belladot1.jpg","articleSection":["Tips &amp; r\u00e5d"],"inLanguage":"sv-SE","potentialAction":[{"@type":"CommentAction","name":"Comment","target":["http:\/\/belladot.com\/sv\/2014\/08\/28\/vi-ses-pa-apotek-egenvard-kista-2-3-september\/#respond"]}]},{"@type":"WebPage","@id":"http:\/\/belladot.com\/sv\/2014\/08\/28\/vi-ses-pa-apotek-egenvard-kista-2-3-september\/","url":"http:\/\/belladot.com\/sv\/2014\/08\/28\/vi-ses-pa-apotek-egenvard-kista-2-3-september\/","name":"Vi ses p\u00e5 Apotek & egenv\u00e5rd i Kista 2-3 september! - Belladot","isPartOf":{"@id":"https:\/\/belladot.com\/#website"},"primaryImageOfPage":{"@id":"http:\/\/belladot.com\/sv\/2014\/08\/28\/vi-ses-pa-apotek-egenvard-kista-2-3-september\/#primaryimage"},"image":{"@id":"http:\/\/belladot.com\/sv\/2014\/08\/28\/vi-ses-pa-apotek-egenvard-kista-2-3-september\/#primaryimage"},"thumbnailUrl":"https:\/\/belladot.com\/wp-content\/uploads\/2014\/08\/Utbildning-Belladot1.jpg","datePublished":"2014-08-28T13:40:23+00:00","dateModified":"2016-04-21T13:39:48+00:00","author":{"@id":"https:\/\/belladot.com\/#\/schema\/person\/d4c518a4f80b2c35f2236c46b5089c15"},"description":"Bes\u00f6k oss p\u00e5 \u00e5rets Apotek och Egenv\u00e5rd p\u00e5 \u200bKistam\u00e4ssan\u200b den 2-3 september- m\u00f6tesplatsen f\u00f6r dig som arbetar med egenv\u00e5rdsprodukter och l\u00e4kemedel! Utbildning","inLanguage":"sv-SE","potentialAction":[{"@type":"ReadAction","target":["http:\/\/belladot.com\/sv\/2014\/08\/28\/vi-ses-pa-apotek-egenvard-kista-2-3-september\/"]}]},{"@type":"ImageObject","inLanguage":"sv-SE","@id":"http:\/\/belladot.com\/sv\/2014\/08\/28\/vi-ses-pa-apotek-egenvard-kista-2-3-september\/#primaryimage","url":"https:\/\/belladot.com\/wp-content\/uploads\/2014\/08\/Utbildning-Belladot1.jpg","contentUrl":"https:\/\/belladot.com\/wp-content\/uploads\/2014\/08\/Utbildning-Belladot1.jpg","width":2592,"height":1936,"caption":"Utbildning Belladot"},{"@type":"WebSite","@id":"https:\/\/belladot.com\/#website","url":"https:\/\/belladot.com\/","name":"Belladot","description":"","potentialAction":[{"@type":"SearchAction","target":{"@type":"EntryPoint","urlTemplate":"https:\/\/belladot.com\/?s={search_term_string}"},"query-input":{"@type":"PropertyValueSpecification","valueRequired":true,"valueName":"search_term_string"}}],"inLanguage":"sv-SE"},{"@type":"Person","@id":"https:\/\/belladot.com\/#\/schema\/person\/d4c518a4f80b2c35f2236c46b5089c15","name":"Christoffer Utbult","image":{"@type":"ImageObject","inLanguage":"sv-SE","@id":"https:\/\/belladot.com\/#\/schema\/person\/image\/","url":"https:\/\/secure.gravatar.com\/avatar\/2611b94af747d31d62cfdfdbfb3ffa8ad933c9a8eb172c26a41586110d6a409c?s=96&d=mm&r=g","contentUrl":"https:\/\/secure.gravatar.com\/avatar\/2611b94af747d31d62cfdfdbfb3ffa8ad933c9a8eb172c26a41586110d6a409c?s=96&d=mm&r=g","caption":"Christoffer Utbult"}}]}},"_links":{"self":[{"href":"https:\/\/belladot.com\/sv\/wp-json\/wp\/v2\/posts\/3515","targetHints":{"allow":["GET"]}}],"collection":[{"href":"https:\/\/belladot.com\/sv\/wp-json\/wp\/v2\/posts"}],"about":[{"href":"https:\/\/belladot.com\/sv\/wp-json\/wp\/v2\/types\/post"}],"author":[{"embeddable":true,"href":"https:\/\/belladot.com\/sv\/wp-json\/wp\/v2\/users\/4"}],"replies":[{"embeddable":true,"href":"https:\/\/belladot.com\/sv\/wp-json\/wp\/v2\/comments?post=3515"}],"version-history":[{"count":0,"href":"https:\/\/belladot.com\/sv\/wp-json\/wp\/v2\/posts\/3515\/revisions"}],"wp:featuredmedia":[{"embeddable":true,"href":"https:\/\/belladot.com\/sv\/wp-json\/wp\/v2\/media\/3518"}],"wp:attachment":[{"href":"https:\/\/belladot.com\/sv\/wp-json\/wp\/v2\/media?parent=3515"}],"wp:term":[{"taxonomy":"category","embeddable":true,"href":"https:\/\/belladot.com\/sv\/wp-json\/wp\/v2\/categories?post=3515"},{"taxonomy":"post_tag","embeddable":true,"href":"https:\/\/belladot.com\/sv\/wp-json\/wp\/v2\/tags?post=3515"}],"curies":[{"name":"wp","href":"https:\/\/api.w.org\/{rel}","templated":true}]}}