{"id":3609,"date":"2014-09-21T18:34:53","date_gmt":"2014-09-21T16:34:53","guid":{"rendered":"http:\/\/belladot.com.loopiadns.com.loopiadns.com\/?p=3609"},"modified":"2016-04-21T15:39:47","modified_gmt":"2016-04-21T13:39:47","slug":"internationella-alzheimersdagen","status":"publish","type":"post","link":"https:\/\/belladot.com\/sv\/2014\/09\/21\/internationella-alzheimersdagen\/","title":{"rendered":"Internationella Alzheimersdagen"},"content":{"rendered":"<p>Idag uppm\u00e4rksammar Belladot Internationella Alzheimersdagen.<\/p>\n<p>Alzheimer kommer smygande. Allteftersom symptomen f\u00f6rv\u00e4rras \u00e4ndras livet p\u00e5 m\u00e5nga s\u00e4tt f\u00f6r den drabbade och dess partner.<\/p>\n<p>Alla har r\u00e4tt att utrycka sin sexualitet, inte minst dementa. \u00d6ppenhet m\u00e5ste finnas f\u00f6r att sexualiteten f\u00f6r\u00e4ndras och beh\u00f6ver uttryckas p\u00e5 andra s\u00e4tt \u00e4n tidigare.<\/p>\n<p>M\u00e5nga demenssjuka f\u00e5r minskad sexuell lust, men har kvar behov av \u00f6mhet och n\u00e4rhet. Andra kan bli sexuellt ut\u00e5tagerande. Hur f\u00f6r\u00e4ndringen yttrar sig beror p\u00e5 vilken del av hj\u00e4rnan som \u00e4r drabbad.<\/p>\n<p>F\u00f6r m\u00e5nga par \u00e4r det m\u00f6jligt att forts\u00e4tta ett aktivt sexliv under flera \u00e5r, f\u00f6r andra ers\u00e4tts sexlivet av kramar och fysisk kontakt. Massage \u00e4r ett utm\u00e4rkt s\u00e4tt att ha fysisk kontakt d\u00e4r m\u00e5brahormoner uts\u00f6ndras i kroppen.<\/p>\n","protected":false},"excerpt":{"rendered":"<p>Idag uppm\u00e4rksammar Belladot Internationella Alzheimersdagen. Alzheimer kommer smygande. Allteftersom symptomen f\u00f6rv\u00e4rras \u00e4ndras livet p\u00e5 m\u00e5nga s\u00e4tt f\u00f6r den drabbade och dess partner. Alla har r\u00e4tt att utrycka sin sexualitet, inte minst dementa. \u00d6ppenhet m\u00e5ste finnas f\u00f6r att sexualiteten f\u00f6r\u00e4ndras och beh\u00f6ver uttryckas p\u00e5 andra s\u00e4tt \u00e4n tidigare. M\u00e5nga demenssjuka f\u00e5r minskad sexuell lust, men har kvar behov av \u00f6mhet och n\u00e4rhet. Andra kan bli sexuellt ut\u00e5tagerande. Hur f\u00f6r\u00e4ndringen yttrar sig beror p\u00e5 vilken del av hj\u00e4rnan som \u00e4r drabbad. F\u00f6r m\u00e5nga par \u00e4r det m\u00f6jligt att forts\u00e4tta ett aktivt sexliv under flera \u00e5r, f\u00f6r andra ers\u00e4tts sexlivet av kramar och [&hellip;]<\/p>\n","protected":false},"author":4,"featured_media":0,"comment_status":"open","ping_status":"open","sticky":false,"template":"","format":"standard","meta":{"_acf_changed":false,"footnotes":""},"categories":[433],"tags":[293,294,295],"class_list":["post-3609","post","type-post","status-publish","format-standard","hentry","category-tips","tag-belladot","tag-sexolog-sylvia","tag-who-allas-ratt-till-sin-sexualitet"],"acf":[],"yoast_head":"<!-- This site is optimized with the Yoast SEO plugin v27.1.1 - https:\/\/yoast.com\/product\/yoast-seo-wordpress\/ -->\n<title>Internationella Alzheimersdagen - Belladot<\/title>\n<meta name=\"robots\" content=\"index, follow, max-snippet:-1, max-image-preview:large, max-video-preview:-1\" \/>\n<link rel=\"canonical\" href=\"https:\/\/belladot.com\/sv\/2014\/09\/21\/internationella-alzheimersdagen\/\" \/>\n<meta property=\"og:locale\" content=\"sv_SE\" \/>\n<meta property=\"og:type\" content=\"article\" \/>\n<meta property=\"og:title\" content=\"Internationella Alzheimersdagen - Belladot\" \/>\n<meta property=\"og:description\" content=\"Idag uppm\u00e4rksammar Belladot Internationella Alzheimersdagen. Alzheimer kommer smygande. Allteftersom symptomen f\u00f6rv\u00e4rras \u00e4ndras livet p\u00e5 m\u00e5nga s\u00e4tt f\u00f6r den drabbade och dess partner. Alla har r\u00e4tt att utrycka sin sexualitet, inte minst dementa. \u00d6ppenhet m\u00e5ste finnas f\u00f6r att sexualiteten f\u00f6r\u00e4ndras och beh\u00f6ver uttryckas p\u00e5 andra s\u00e4tt \u00e4n tidigare. M\u00e5nga demenssjuka f\u00e5r minskad sexuell lust, men har kvar behov av \u00f6mhet och n\u00e4rhet. Andra kan bli sexuellt ut\u00e5tagerande. Hur f\u00f6r\u00e4ndringen yttrar sig beror p\u00e5 vilken del av hj\u00e4rnan som \u00e4r drabbad. F\u00f6r m\u00e5nga par \u00e4r det m\u00f6jligt att forts\u00e4tta ett aktivt sexliv under flera \u00e5r, f\u00f6r andra ers\u00e4tts sexlivet av kramar och [&hellip;]\" \/>\n<meta property=\"og:url\" content=\"https:\/\/belladot.com\/sv\/2014\/09\/21\/internationella-alzheimersdagen\/\" \/>\n<meta property=\"og:site_name\" content=\"Belladot\" \/>\n<meta property=\"article:published_time\" content=\"2014-09-21T16:34:53+00:00\" \/>\n<meta property=\"article:modified_time\" content=\"2016-04-21T13:39:47+00:00\" \/>\n<meta name=\"author\" content=\"Christoffer Utbult\" \/>\n<meta name=\"twitter:label1\" content=\"Skriven av\" \/>\n\t<meta name=\"twitter:data1\" content=\"Christoffer Utbult\" \/>\n\t<meta name=\"twitter:label2\" content=\"Ber\u00e4knad l\u00e4stid\" \/>\n\t<meta name=\"twitter:data2\" content=\"1 minut\" \/>\n<script type=\"application\/ld+json\" class=\"yoast-schema-graph\">{\"@context\":\"https:\/\/schema.org\",\"@graph\":[{\"@type\":\"Article\",\"@id\":\"https:\/\/belladot.com\/sv\/2014\/09\/21\/internationella-alzheimersdagen\/#article\",\"isPartOf\":{\"@id\":\"https:\/\/belladot.com\/sv\/2014\/09\/21\/internationella-alzheimersdagen\/\"},\"author\":{\"name\":\"Christoffer Utbult\",\"@id\":\"https:\/\/belladot.com\/#\/schema\/person\/d4c518a4f80b2c35f2236c46b5089c15\"},\"headline\":\"Internationella Alzheimersdagen\",\"datePublished\":\"2014-09-21T16:34:53+00:00\",\"dateModified\":\"2016-04-21T13:39:47+00:00\",\"mainEntityOfPage\":{\"@id\":\"https:\/\/belladot.com\/sv\/2014\/09\/21\/internationella-alzheimersdagen\/\"},\"wordCount\":149,\"commentCount\":0,\"keywords\":[\"Belladot\",\"Sexolog Sylvia\",\"WHO - allas r\u00e4tt till sin sexualitet\"],\"articleSection\":[\"Tips &amp; r\u00e5d\"],\"inLanguage\":\"sv-SE\",\"potentialAction\":[{\"@type\":\"CommentAction\",\"name\":\"Comment\",\"target\":[\"https:\/\/belladot.com\/sv\/2014\/09\/21\/internationella-alzheimersdagen\/#respond\"]}]},{\"@type\":\"WebPage\",\"@id\":\"https:\/\/belladot.com\/sv\/2014\/09\/21\/internationella-alzheimersdagen\/\",\"url\":\"https:\/\/belladot.com\/sv\/2014\/09\/21\/internationella-alzheimersdagen\/\",\"name\":\"Internationella Alzheimersdagen - Belladot\",\"isPartOf\":{\"@id\":\"https:\/\/belladot.com\/#website\"},\"datePublished\":\"2014-09-21T16:34:53+00:00\",\"dateModified\":\"2016-04-21T13:39:47+00:00\",\"author\":{\"@id\":\"https:\/\/belladot.com\/#\/schema\/person\/d4c518a4f80b2c35f2236c46b5089c15\"},\"inLanguage\":\"sv-SE\",\"potentialAction\":[{\"@type\":\"ReadAction\",\"target\":[\"https:\/\/belladot.com\/sv\/2014\/09\/21\/internationella-alzheimersdagen\/\"]}]},{\"@type\":\"WebSite\",\"@id\":\"https:\/\/belladot.com\/#website\",\"url\":\"https:\/\/belladot.com\/\",\"name\":\"Belladot\",\"description\":\"\",\"potentialAction\":[{\"@type\":\"SearchAction\",\"target\":{\"@type\":\"EntryPoint\",\"urlTemplate\":\"https:\/\/belladot.com\/?s={search_term_string}\"},\"query-input\":{\"@type\":\"PropertyValueSpecification\",\"valueRequired\":true,\"valueName\":\"search_term_string\"}}],\"inLanguage\":\"sv-SE\"},{\"@type\":\"Person\",\"@id\":\"https:\/\/belladot.com\/#\/schema\/person\/d4c518a4f80b2c35f2236c46b5089c15\",\"name\":\"Christoffer Utbult\",\"image\":{\"@type\":\"ImageObject\",\"inLanguage\":\"sv-SE\",\"@id\":\"https:\/\/belladot.com\/#\/schema\/person\/image\/\",\"url\":\"https:\/\/secure.gravatar.com\/avatar\/2611b94af747d31d62cfdfdbfb3ffa8ad933c9a8eb172c26a41586110d6a409c?s=96&d=mm&r=g\",\"contentUrl\":\"https:\/\/secure.gravatar.com\/avatar\/2611b94af747d31d62cfdfdbfb3ffa8ad933c9a8eb172c26a41586110d6a409c?s=96&d=mm&r=g\",\"caption\":\"Christoffer Utbult\"}}]}<\/script>\n<!-- \/ Yoast SEO plugin. -->","yoast_head_json":{"title":"Internationella Alzheimersdagen - Belladot","robots":{"index":"index","follow":"follow","max-snippet":"max-snippet:-1","max-image-preview":"max-image-preview:large","max-video-preview":"max-video-preview:-1"},"canonical":"https:\/\/belladot.com\/sv\/2014\/09\/21\/internationella-alzheimersdagen\/","og_locale":"sv_SE","og_type":"article","og_title":"Internationella Alzheimersdagen - Belladot","og_description":"Idag uppm\u00e4rksammar Belladot Internationella Alzheimersdagen. Alzheimer kommer smygande. Allteftersom symptomen f\u00f6rv\u00e4rras \u00e4ndras livet p\u00e5 m\u00e5nga s\u00e4tt f\u00f6r den drabbade och dess partner. Alla har r\u00e4tt att utrycka sin sexualitet, inte minst dementa. \u00d6ppenhet m\u00e5ste finnas f\u00f6r att sexualiteten f\u00f6r\u00e4ndras och beh\u00f6ver uttryckas p\u00e5 andra s\u00e4tt \u00e4n tidigare. M\u00e5nga demenssjuka f\u00e5r minskad sexuell lust, men har kvar behov av \u00f6mhet och n\u00e4rhet. Andra kan bli sexuellt ut\u00e5tagerande. Hur f\u00f6r\u00e4ndringen yttrar sig beror p\u00e5 vilken del av hj\u00e4rnan som \u00e4r drabbad. F\u00f6r m\u00e5nga par \u00e4r det m\u00f6jligt att forts\u00e4tta ett aktivt sexliv under flera \u00e5r, f\u00f6r andra ers\u00e4tts sexlivet av kramar och [&hellip;]","og_url":"https:\/\/belladot.com\/sv\/2014\/09\/21\/internationella-alzheimersdagen\/","og_site_name":"Belladot","article_published_time":"2014-09-21T16:34:53+00:00","article_modified_time":"2016-04-21T13:39:47+00:00","author":"Christoffer Utbult","twitter_misc":{"Skriven av":"Christoffer Utbult","Ber\u00e4knad l\u00e4stid":"1 minut"},"schema":{"@context":"https:\/\/schema.org","@graph":[{"@type":"Article","@id":"https:\/\/belladot.com\/sv\/2014\/09\/21\/internationella-alzheimersdagen\/#article","isPartOf":{"@id":"https:\/\/belladot.com\/sv\/2014\/09\/21\/internationella-alzheimersdagen\/"},"author":{"name":"Christoffer Utbult","@id":"https:\/\/belladot.com\/#\/schema\/person\/d4c518a4f80b2c35f2236c46b5089c15"},"headline":"Internationella Alzheimersdagen","datePublished":"2014-09-21T16:34:53+00:00","dateModified":"2016-04-21T13:39:47+00:00","mainEntityOfPage":{"@id":"https:\/\/belladot.com\/sv\/2014\/09\/21\/internationella-alzheimersdagen\/"},"wordCount":149,"commentCount":0,"keywords":["Belladot","Sexolog Sylvia","WHO - allas r\u00e4tt till sin sexualitet"],"articleSection":["Tips &amp; r\u00e5d"],"inLanguage":"sv-SE","potentialAction":[{"@type":"CommentAction","name":"Comment","target":["https:\/\/belladot.com\/sv\/2014\/09\/21\/internationella-alzheimersdagen\/#respond"]}]},{"@type":"WebPage","@id":"https:\/\/belladot.com\/sv\/2014\/09\/21\/internationella-alzheimersdagen\/","url":"https:\/\/belladot.com\/sv\/2014\/09\/21\/internationella-alzheimersdagen\/","name":"Internationella Alzheimersdagen - Belladot","isPartOf":{"@id":"https:\/\/belladot.com\/#website"},"datePublished":"2014-09-21T16:34:53+00:00","dateModified":"2016-04-21T13:39:47+00:00","author":{"@id":"https:\/\/belladot.com\/#\/schema\/person\/d4c518a4f80b2c35f2236c46b5089c15"},"inLanguage":"sv-SE","potentialAction":[{"@type":"ReadAction","target":["https:\/\/belladot.com\/sv\/2014\/09\/21\/internationella-alzheimersdagen\/"]}]},{"@type":"WebSite","@id":"https:\/\/belladot.com\/#website","url":"https:\/\/belladot.com\/","name":"Belladot","description":"","potentialAction":[{"@type":"SearchAction","target":{"@type":"EntryPoint","urlTemplate":"https:\/\/belladot.com\/?s={search_term_string}"},"query-input":{"@type":"PropertyValueSpecification","valueRequired":true,"valueName":"search_term_string"}}],"inLanguage":"sv-SE"},{"@type":"Person","@id":"https:\/\/belladot.com\/#\/schema\/person\/d4c518a4f80b2c35f2236c46b5089c15","name":"Christoffer Utbult","image":{"@type":"ImageObject","inLanguage":"sv-SE","@id":"https:\/\/belladot.com\/#\/schema\/person\/image\/","url":"https:\/\/secure.gravatar.com\/avatar\/2611b94af747d31d62cfdfdbfb3ffa8ad933c9a8eb172c26a41586110d6a409c?s=96&d=mm&r=g","contentUrl":"https:\/\/secure.gravatar.com\/avatar\/2611b94af747d31d62cfdfdbfb3ffa8ad933c9a8eb172c26a41586110d6a409c?s=96&d=mm&r=g","caption":"Christoffer Utbult"}}]}},"_links":{"self":[{"href":"https:\/\/belladot.com\/sv\/wp-json\/wp\/v2\/posts\/3609","targetHints":{"allow":["GET"]}}],"collection":[{"href":"https:\/\/belladot.com\/sv\/wp-json\/wp\/v2\/posts"}],"about":[{"href":"https:\/\/belladot.com\/sv\/wp-json\/wp\/v2\/types\/post"}],"author":[{"embeddable":true,"href":"https:\/\/belladot.com\/sv\/wp-json\/wp\/v2\/users\/4"}],"replies":[{"embeddable":true,"href":"https:\/\/belladot.com\/sv\/wp-json\/wp\/v2\/comments?post=3609"}],"version-history":[{"count":0,"href":"https:\/\/belladot.com\/sv\/wp-json\/wp\/v2\/posts\/3609\/revisions"}],"wp:attachment":[{"href":"https:\/\/belladot.com\/sv\/wp-json\/wp\/v2\/media?parent=3609"}],"wp:term":[{"taxonomy":"category","embeddable":true,"href":"https:\/\/belladot.com\/sv\/wp-json\/wp\/v2\/categories?post=3609"},{"taxonomy":"post_tag","embeddable":true,"href":"https:\/\/belladot.com\/sv\/wp-json\/wp\/v2\/tags?post=3609"}],"curies":[{"name":"wp","href":"https:\/\/api.w.org\/{rel}","templated":true}]}}