{"id":3800,"date":"2014-12-11T11:03:43","date_gmt":"2014-12-11T10:03:43","guid":{"rendered":"http:\/\/belladot.com.loopiadns.com.loopiadns.com\/?p=3800"},"modified":"2016-04-21T15:39:47","modified_gmt":"2016-04-21T13:39:47","slug":"rattelse-vi-lade-upp-fel-inlagg","status":"publish","type":"post","link":"https:\/\/belladot.com\/sv\/2014\/12\/11\/rattelse-vi-lade-upp-fel-inlagg\/","title":{"rendered":"R\u00e4ttelse, vi lade upp fel inl\u00e4gg!"},"content":{"rendered":"<p>&nbsp;<\/p>\n<p>Ig\u00e5r den 10 december uppm\u00e4rksammade vi fel dag! Det var internationella dagen f\u00f6r m\u00e4nskliga r\u00e4ttigheter, men vi puffade f\u00f6r internationella handikappsdagen. Behj\u00e4rtansv\u00e4rt\u00a0&#8211;\u00a0ja! Men \u00e4nd\u00e5 fel. D\u00e4rf\u00f6r f\u00f6ljer h\u00e4r texten som du skulle f\u00e5tt\u00a0ig\u00e5r \ud83d\ude42<\/p>\n<p>Redan den 10 december 1948 deklarerade FN de m\u00e4nskliga r\u00e4ttigheterna. I Sverige har vi kommit l\u00e5ngt n\u00e4r det g\u00e4ller var och ens m\u00e4nskliga r\u00e4ttigheter.<\/p>\n<p>Belladot vill idag p\u00e5minna om att alla ska ha samma r\u00e4ttigheter och m\u00f6jligheter oavsett sexuell l\u00e4ggning, k\u00f6nsidentitet eller k\u00f6nsuttryck.<\/p>\n<p>R\u00e4tten att best\u00e4mma \u00f6ver sin egen sexualitet \u00e4r grundl\u00e4ggande f\u00f6r alla m\u00e4nniskor.<\/p>\n<p>\u00c4nd\u00e5 diskrimineras och kr\u00e4nks hbt-personer dagligen \u2013 \u00e4ven i Sverige. Det \u00e4r gl\u00e4djande att regeringen i \u00e5r tagit fram en strategi f\u00f6r att motverka denna diskriminering.<\/p>\n<p>V\u00e4rldsh\u00e4lsoorganisationen (WHO) definierade 2006 sexualitet som \u201den central aspekt genom livet av att vara m\u00e4nsklig, som best\u00e5r av k\u00f6n, k\u00f6nsidentitet och k\u00f6nsroller, sexuell orientering, erotik, lust, intimitet och reproduktion. Sexualitet upplevs och uttrycks genom tankar, fantasier, \u00e5tr\u00e5, \u00f6vertygelser, attityder, v\u00e4rderingar, beteende, ut\u00f6vande, roller och relationer.\u201d (fritt \u00f6versatt)<\/p>\n<p>L\u00e4s mer om <a title=\"Sexualitet \u2013 inte bara sex\" href=\"http:\/\/belladot.com.loopiadns.com\/sv\/sexologen-svarar\/sexualitet\/\">sexualitet<\/a>.<\/p>\n<p>Sexualitet \u00e4r en m\u00e4nsklig r\u00e4ttighet &#8211; f\u00f6r alla! En stor del av Belladots produkter \u00e4r till gl\u00e4dje och nytta f\u00f6r sexlivet, oavsett k\u00f6n eller sexuell l\u00e4ggning.<\/p>\n","protected":false},"excerpt":{"rendered":"<p>&nbsp; Ig\u00e5r den 10 december uppm\u00e4rksammade vi fel dag! Det var internationella dagen f\u00f6r m\u00e4nskliga r\u00e4ttigheter, men vi puffade f\u00f6r internationella handikappsdagen. Behj\u00e4rtansv\u00e4rt\u00a0&#8211;\u00a0ja! Men \u00e4nd\u00e5 fel. D\u00e4rf\u00f6r f\u00f6ljer h\u00e4r texten som du skulle f\u00e5tt\u00a0ig\u00e5r \ud83d\ude42 Redan den 10 december 1948 deklarerade FN de m\u00e4nskliga r\u00e4ttigheterna. I Sverige har vi kommit l\u00e5ngt n\u00e4r det g\u00e4ller var och ens m\u00e4nskliga r\u00e4ttigheter. Belladot vill idag p\u00e5minna om att alla ska ha samma r\u00e4ttigheter och m\u00f6jligheter oavsett sexuell l\u00e4ggning, k\u00f6nsidentitet eller k\u00f6nsuttryck. R\u00e4tten att best\u00e4mma \u00f6ver sin egen sexualitet \u00e4r grundl\u00e4ggande f\u00f6r alla m\u00e4nniskor. \u00c4nd\u00e5 diskrimineras och kr\u00e4nks hbt-personer dagligen \u2013 \u00e4ven i Sverige. [&hellip;]<\/p>\n","protected":false},"author":4,"featured_media":0,"comment_status":"open","ping_status":"open","sticky":false,"template":"","format":"standard","meta":{"_acf_changed":false,"footnotes":""},"categories":[433],"tags":[293,295],"class_list":["post-3800","post","type-post","status-publish","format-standard","hentry","category-tips","tag-belladot","tag-who-allas-ratt-till-sin-sexualitet"],"acf":[],"yoast_head":"<!-- This site is optimized with the Yoast SEO plugin v27.1.1 - https:\/\/yoast.com\/product\/yoast-seo-wordpress\/ -->\n<title>R\u00e4ttelse, vi lade upp fel inl\u00e4gg! - Belladot<\/title>\n<meta name=\"robots\" content=\"index, follow, max-snippet:-1, max-image-preview:large, max-video-preview:-1\" \/>\n<link rel=\"canonical\" href=\"https:\/\/belladot.com\/sv\/2014\/12\/11\/rattelse-vi-lade-upp-fel-inlagg\/\" \/>\n<meta property=\"og:locale\" content=\"sv_SE\" \/>\n<meta property=\"og:type\" content=\"article\" \/>\n<meta property=\"og:title\" content=\"R\u00e4ttelse, vi lade upp fel inl\u00e4gg! - Belladot\" \/>\n<meta property=\"og:description\" content=\"&nbsp; Ig\u00e5r den 10 december uppm\u00e4rksammade vi fel dag! Det var internationella dagen f\u00f6r m\u00e4nskliga r\u00e4ttigheter, men vi puffade f\u00f6r internationella handikappsdagen. Behj\u00e4rtansv\u00e4rt\u00a0&#8211;\u00a0ja! Men \u00e4nd\u00e5 fel. D\u00e4rf\u00f6r f\u00f6ljer h\u00e4r texten som du skulle f\u00e5tt\u00a0ig\u00e5r \ud83d\ude42 Redan den 10 december 1948 deklarerade FN de m\u00e4nskliga r\u00e4ttigheterna. I Sverige har vi kommit l\u00e5ngt n\u00e4r det g\u00e4ller var och ens m\u00e4nskliga r\u00e4ttigheter. Belladot vill idag p\u00e5minna om att alla ska ha samma r\u00e4ttigheter och m\u00f6jligheter oavsett sexuell l\u00e4ggning, k\u00f6nsidentitet eller k\u00f6nsuttryck. R\u00e4tten att best\u00e4mma \u00f6ver sin egen sexualitet \u00e4r grundl\u00e4ggande f\u00f6r alla m\u00e4nniskor. \u00c4nd\u00e5 diskrimineras och kr\u00e4nks hbt-personer dagligen \u2013 \u00e4ven i Sverige. [&hellip;]\" \/>\n<meta property=\"og:url\" content=\"https:\/\/belladot.com\/sv\/2014\/12\/11\/rattelse-vi-lade-upp-fel-inlagg\/\" \/>\n<meta property=\"og:site_name\" content=\"Belladot\" \/>\n<meta property=\"article:published_time\" content=\"2014-12-11T10:03:43+00:00\" \/>\n<meta property=\"article:modified_time\" content=\"2016-04-21T13:39:47+00:00\" \/>\n<meta name=\"author\" content=\"Christoffer Utbult\" \/>\n<meta name=\"twitter:label1\" content=\"Skriven av\" \/>\n\t<meta name=\"twitter:data1\" content=\"Christoffer Utbult\" \/>\n\t<meta name=\"twitter:label2\" content=\"Ber\u00e4knad l\u00e4stid\" \/>\n\t<meta name=\"twitter:data2\" content=\"1 minut\" \/>\n<script type=\"application\/ld+json\" class=\"yoast-schema-graph\">{\"@context\":\"https:\/\/schema.org\",\"@graph\":[{\"@type\":\"Article\",\"@id\":\"https:\/\/belladot.com\/sv\/2014\/12\/11\/rattelse-vi-lade-upp-fel-inlagg\/#article\",\"isPartOf\":{\"@id\":\"https:\/\/belladot.com\/sv\/2014\/12\/11\/rattelse-vi-lade-upp-fel-inlagg\/\"},\"author\":{\"name\":\"Christoffer Utbult\",\"@id\":\"https:\/\/belladot.com\/#\/schema\/person\/d4c518a4f80b2c35f2236c46b5089c15\"},\"headline\":\"R\u00e4ttelse, vi lade upp fel inl\u00e4gg!\",\"datePublished\":\"2014-12-11T10:03:43+00:00\",\"dateModified\":\"2016-04-21T13:39:47+00:00\",\"mainEntityOfPage\":{\"@id\":\"https:\/\/belladot.com\/sv\/2014\/12\/11\/rattelse-vi-lade-upp-fel-inlagg\/\"},\"wordCount\":250,\"commentCount\":0,\"keywords\":[\"Belladot\",\"WHO - allas r\u00e4tt till sin sexualitet\"],\"articleSection\":[\"Tips &amp; r\u00e5d\"],\"inLanguage\":\"sv-SE\",\"potentialAction\":[{\"@type\":\"CommentAction\",\"name\":\"Comment\",\"target\":[\"https:\/\/belladot.com\/sv\/2014\/12\/11\/rattelse-vi-lade-upp-fel-inlagg\/#respond\"]}]},{\"@type\":\"WebPage\",\"@id\":\"https:\/\/belladot.com\/sv\/2014\/12\/11\/rattelse-vi-lade-upp-fel-inlagg\/\",\"url\":\"https:\/\/belladot.com\/sv\/2014\/12\/11\/rattelse-vi-lade-upp-fel-inlagg\/\",\"name\":\"R\u00e4ttelse, vi lade upp fel inl\u00e4gg! - Belladot\",\"isPartOf\":{\"@id\":\"https:\/\/belladot.com\/#website\"},\"datePublished\":\"2014-12-11T10:03:43+00:00\",\"dateModified\":\"2016-04-21T13:39:47+00:00\",\"author\":{\"@id\":\"https:\/\/belladot.com\/#\/schema\/person\/d4c518a4f80b2c35f2236c46b5089c15\"},\"inLanguage\":\"sv-SE\",\"potentialAction\":[{\"@type\":\"ReadAction\",\"target\":[\"https:\/\/belladot.com\/sv\/2014\/12\/11\/rattelse-vi-lade-upp-fel-inlagg\/\"]}]},{\"@type\":\"WebSite\",\"@id\":\"https:\/\/belladot.com\/#website\",\"url\":\"https:\/\/belladot.com\/\",\"name\":\"Belladot\",\"description\":\"\",\"potentialAction\":[{\"@type\":\"SearchAction\",\"target\":{\"@type\":\"EntryPoint\",\"urlTemplate\":\"https:\/\/belladot.com\/?s={search_term_string}\"},\"query-input\":{\"@type\":\"PropertyValueSpecification\",\"valueRequired\":true,\"valueName\":\"search_term_string\"}}],\"inLanguage\":\"sv-SE\"},{\"@type\":\"Person\",\"@id\":\"https:\/\/belladot.com\/#\/schema\/person\/d4c518a4f80b2c35f2236c46b5089c15\",\"name\":\"Christoffer Utbult\",\"image\":{\"@type\":\"ImageObject\",\"inLanguage\":\"sv-SE\",\"@id\":\"https:\/\/belladot.com\/#\/schema\/person\/image\/\",\"url\":\"https:\/\/secure.gravatar.com\/avatar\/2611b94af747d31d62cfdfdbfb3ffa8ad933c9a8eb172c26a41586110d6a409c?s=96&d=mm&r=g\",\"contentUrl\":\"https:\/\/secure.gravatar.com\/avatar\/2611b94af747d31d62cfdfdbfb3ffa8ad933c9a8eb172c26a41586110d6a409c?s=96&d=mm&r=g\",\"caption\":\"Christoffer Utbult\"}}]}<\/script>\n<!-- \/ Yoast SEO plugin. -->","yoast_head_json":{"title":"R\u00e4ttelse, vi lade upp fel inl\u00e4gg! - Belladot","robots":{"index":"index","follow":"follow","max-snippet":"max-snippet:-1","max-image-preview":"max-image-preview:large","max-video-preview":"max-video-preview:-1"},"canonical":"https:\/\/belladot.com\/sv\/2014\/12\/11\/rattelse-vi-lade-upp-fel-inlagg\/","og_locale":"sv_SE","og_type":"article","og_title":"R\u00e4ttelse, vi lade upp fel inl\u00e4gg! - Belladot","og_description":"&nbsp; Ig\u00e5r den 10 december uppm\u00e4rksammade vi fel dag! Det var internationella dagen f\u00f6r m\u00e4nskliga r\u00e4ttigheter, men vi puffade f\u00f6r internationella handikappsdagen. Behj\u00e4rtansv\u00e4rt\u00a0&#8211;\u00a0ja! Men \u00e4nd\u00e5 fel. D\u00e4rf\u00f6r f\u00f6ljer h\u00e4r texten som du skulle f\u00e5tt\u00a0ig\u00e5r \ud83d\ude42 Redan den 10 december 1948 deklarerade FN de m\u00e4nskliga r\u00e4ttigheterna. I Sverige har vi kommit l\u00e5ngt n\u00e4r det g\u00e4ller var och ens m\u00e4nskliga r\u00e4ttigheter. Belladot vill idag p\u00e5minna om att alla ska ha samma r\u00e4ttigheter och m\u00f6jligheter oavsett sexuell l\u00e4ggning, k\u00f6nsidentitet eller k\u00f6nsuttryck. R\u00e4tten att best\u00e4mma \u00f6ver sin egen sexualitet \u00e4r grundl\u00e4ggande f\u00f6r alla m\u00e4nniskor. \u00c4nd\u00e5 diskrimineras och kr\u00e4nks hbt-personer dagligen \u2013 \u00e4ven i Sverige. [&hellip;]","og_url":"https:\/\/belladot.com\/sv\/2014\/12\/11\/rattelse-vi-lade-upp-fel-inlagg\/","og_site_name":"Belladot","article_published_time":"2014-12-11T10:03:43+00:00","article_modified_time":"2016-04-21T13:39:47+00:00","author":"Christoffer Utbult","twitter_misc":{"Skriven av":"Christoffer Utbult","Ber\u00e4knad l\u00e4stid":"1 minut"},"schema":{"@context":"https:\/\/schema.org","@graph":[{"@type":"Article","@id":"https:\/\/belladot.com\/sv\/2014\/12\/11\/rattelse-vi-lade-upp-fel-inlagg\/#article","isPartOf":{"@id":"https:\/\/belladot.com\/sv\/2014\/12\/11\/rattelse-vi-lade-upp-fel-inlagg\/"},"author":{"name":"Christoffer Utbult","@id":"https:\/\/belladot.com\/#\/schema\/person\/d4c518a4f80b2c35f2236c46b5089c15"},"headline":"R\u00e4ttelse, vi lade upp fel inl\u00e4gg!","datePublished":"2014-12-11T10:03:43+00:00","dateModified":"2016-04-21T13:39:47+00:00","mainEntityOfPage":{"@id":"https:\/\/belladot.com\/sv\/2014\/12\/11\/rattelse-vi-lade-upp-fel-inlagg\/"},"wordCount":250,"commentCount":0,"keywords":["Belladot","WHO - allas r\u00e4tt till sin sexualitet"],"articleSection":["Tips &amp; r\u00e5d"],"inLanguage":"sv-SE","potentialAction":[{"@type":"CommentAction","name":"Comment","target":["https:\/\/belladot.com\/sv\/2014\/12\/11\/rattelse-vi-lade-upp-fel-inlagg\/#respond"]}]},{"@type":"WebPage","@id":"https:\/\/belladot.com\/sv\/2014\/12\/11\/rattelse-vi-lade-upp-fel-inlagg\/","url":"https:\/\/belladot.com\/sv\/2014\/12\/11\/rattelse-vi-lade-upp-fel-inlagg\/","name":"R\u00e4ttelse, vi lade upp fel inl\u00e4gg! - Belladot","isPartOf":{"@id":"https:\/\/belladot.com\/#website"},"datePublished":"2014-12-11T10:03:43+00:00","dateModified":"2016-04-21T13:39:47+00:00","author":{"@id":"https:\/\/belladot.com\/#\/schema\/person\/d4c518a4f80b2c35f2236c46b5089c15"},"inLanguage":"sv-SE","potentialAction":[{"@type":"ReadAction","target":["https:\/\/belladot.com\/sv\/2014\/12\/11\/rattelse-vi-lade-upp-fel-inlagg\/"]}]},{"@type":"WebSite","@id":"https:\/\/belladot.com\/#website","url":"https:\/\/belladot.com\/","name":"Belladot","description":"","potentialAction":[{"@type":"SearchAction","target":{"@type":"EntryPoint","urlTemplate":"https:\/\/belladot.com\/?s={search_term_string}"},"query-input":{"@type":"PropertyValueSpecification","valueRequired":true,"valueName":"search_term_string"}}],"inLanguage":"sv-SE"},{"@type":"Person","@id":"https:\/\/belladot.com\/#\/schema\/person\/d4c518a4f80b2c35f2236c46b5089c15","name":"Christoffer Utbult","image":{"@type":"ImageObject","inLanguage":"sv-SE","@id":"https:\/\/belladot.com\/#\/schema\/person\/image\/","url":"https:\/\/secure.gravatar.com\/avatar\/2611b94af747d31d62cfdfdbfb3ffa8ad933c9a8eb172c26a41586110d6a409c?s=96&d=mm&r=g","contentUrl":"https:\/\/secure.gravatar.com\/avatar\/2611b94af747d31d62cfdfdbfb3ffa8ad933c9a8eb172c26a41586110d6a409c?s=96&d=mm&r=g","caption":"Christoffer Utbult"}}]}},"_links":{"self":[{"href":"https:\/\/belladot.com\/sv\/wp-json\/wp\/v2\/posts\/3800","targetHints":{"allow":["GET"]}}],"collection":[{"href":"https:\/\/belladot.com\/sv\/wp-json\/wp\/v2\/posts"}],"about":[{"href":"https:\/\/belladot.com\/sv\/wp-json\/wp\/v2\/types\/post"}],"author":[{"embeddable":true,"href":"https:\/\/belladot.com\/sv\/wp-json\/wp\/v2\/users\/4"}],"replies":[{"embeddable":true,"href":"https:\/\/belladot.com\/sv\/wp-json\/wp\/v2\/comments?post=3800"}],"version-history":[{"count":0,"href":"https:\/\/belladot.com\/sv\/wp-json\/wp\/v2\/posts\/3800\/revisions"}],"wp:attachment":[{"href":"https:\/\/belladot.com\/sv\/wp-json\/wp\/v2\/media?parent=3800"}],"wp:term":[{"taxonomy":"category","embeddable":true,"href":"https:\/\/belladot.com\/sv\/wp-json\/wp\/v2\/categories?post=3800"},{"taxonomy":"post_tag","embeddable":true,"href":"https:\/\/belladot.com\/sv\/wp-json\/wp\/v2\/tags?post=3800"}],"curies":[{"name":"wp","href":"https:\/\/api.w.org\/{rel}","templated":true}]}}