{"id":5268,"date":"2016-04-26T22:42:04","date_gmt":"2016-04-26T20:42:04","guid":{"rendered":"http:\/\/belladot.com.loopiadns.com.loopiadns.com\/?p=5268"},"modified":"2016-05-21T00:06:16","modified_gmt":"2016-05-20T22:06:16","slug":"uppmarksamma-inkontinensdagen-den-6e-maj","status":"publish","type":"post","link":"https:\/\/belladot.com\/sv\/2016\/04\/26\/uppmarksamma-inkontinensdagen-den-6e-maj\/","title":{"rendered":"Uppm\u00e4rksamma inkontinensdagen\u00a0den 6:e maj"},"content":{"rendered":"<p><a href=\"http:\/\/belladot.com.loopiadns.com\/sv\/products\/britt-knipkulor\/\"><img loading=\"lazy\" decoding=\"async\" class=\"alignleft wp-image-5270 size-full\" src=\"http:\/\/belladot.com.loopiadns.com\/wp-content\/uploads\/2016\/04\/Belladot_knip.jpg\" alt=\"Belladot_knip\" width=\"600\" height=\"300\" srcset=\"https:\/\/belladot.com\/wp-content\/uploads\/2016\/04\/Belladot_knip.jpg 600w, https:\/\/belladot.com\/wp-content\/uploads\/2016\/04\/Belladot_knip-300x150.jpg 300w\" sizes=\"auto, (max-width: 600px) 100vw, 600px\" \/><\/a><\/p>\n<p>&nbsp;<\/p>\n<p>&nbsp;<\/p>\n<p>&nbsp;<\/p>\n<p>&nbsp;<\/p>\n<p>&nbsp;<\/p>\n<p>&nbsp;<\/p>\n<p>&nbsp;<\/p>\n<p>&nbsp;<\/p>\n<p>&nbsp;<\/p>\n<p>&nbsp;<\/p>\n<p>Att lyfta fram inkontinensdagen\u00a0\u00e4r ett bra s\u00e4tt att hj\u00e4lpa\u00a0var fj\u00e4rde kvinna som n\u00e5gon g\u00e5ng i livet drabbas av problem med l\u00e4ckage. S\u00e4rskilt vanligt \u00e4r det efter f\u00f6rlossning och i klimakteriet.<\/p>\n<p>V\u00e5r kampanj f\u00f6r att hj\u00e4lpa kvinnor p\u00e5g\u00e5r under en m\u00e5nads tid.\u00a0Var med och sprid\u00a0budskapet att det finns\u00a0ett enkelt och effektivt s\u00e4tt\u00a0att tr\u00e4na med <a href=\"http:\/\/belladot.com.loopiadns.com\/sv\/products\/britt-knipkulor\/\" target=\"_blank\">Britt knipkulor<\/a>.\u00a0Till din hj\u00e4lp f\u00e5r du\u00a0informationsmaterial och f\u00f6rm\u00e5nliga kampanjerbjudanden.<\/p>\n<p>Kontakta oss f\u00f6r mer info:\u00a0<a href=\"mailto:christoffer@belladot.com\" data-cke-saved-href=\"mailto:christoffer@belladot.com\">christoffer@belladot.com<\/a>\u00a0eller\u00a0031-65 33 61<\/p>\n<p>&nbsp;<\/p>\n<p>&nbsp;<\/p>\n","protected":false},"excerpt":{"rendered":"<p>&nbsp; &nbsp; &nbsp; &nbsp; &nbsp; &nbsp; &nbsp; &nbsp; &nbsp; &nbsp; Att lyfta fram inkontinensdagen\u00a0\u00e4r ett bra s\u00e4tt att hj\u00e4lpa\u00a0var fj\u00e4rde kvinna som n\u00e5gon g\u00e5ng i livet drabbas av problem med l\u00e4ckage. S\u00e4rskilt vanligt \u00e4r det efter f\u00f6rlossning och i klimakteriet. V\u00e5r kampanj f\u00f6r att hj\u00e4lpa kvinnor p\u00e5g\u00e5r under en m\u00e5nads tid.\u00a0Var med och sprid\u00a0budskapet att det finns\u00a0ett enkelt och effektivt s\u00e4tt\u00a0att tr\u00e4na med Britt knipkulor.\u00a0Till din hj\u00e4lp f\u00e5r du\u00a0informationsmaterial och f\u00f6rm\u00e5nliga kampanjerbjudanden. Kontakta oss f\u00f6r mer info:\u00a0christoffer@belladot.com\u00a0eller\u00a0031-65 33 61 &nbsp; &nbsp;<\/p>\n","protected":false},"author":4,"featured_media":5270,"comment_status":"open","ping_status":"open","sticky":false,"template":"","format":"standard","meta":{"_acf_changed":false,"footnotes":""},"categories":[433],"tags":[],"class_list":["post-5268","post","type-post","status-publish","format-standard","has-post-thumbnail","hentry","category-tips"],"acf":[],"yoast_head":"<!-- This site is optimized with the Yoast SEO plugin v27.1.1 - https:\/\/yoast.com\/product\/yoast-seo-wordpress\/ -->\n<title>Uppm\u00e4rksamma inkontinensdagen\u00a0den 6:e maj - Belladot<\/title>\n<meta name=\"robots\" content=\"index, follow, max-snippet:-1, max-image-preview:large, max-video-preview:-1\" \/>\n<link rel=\"canonical\" href=\"http:\/\/belladot.com\/sv\/2016\/04\/26\/uppmarksamma-inkontinensdagen-den-6e-maj\/\" \/>\n<meta property=\"og:locale\" content=\"sv_SE\" \/>\n<meta property=\"og:type\" content=\"article\" \/>\n<meta property=\"og:title\" content=\"Uppm\u00e4rksamma inkontinensdagen\u00a0den 6:e maj - Belladot\" \/>\n<meta property=\"og:description\" content=\"&nbsp; &nbsp; &nbsp; &nbsp; &nbsp; &nbsp; &nbsp; &nbsp; &nbsp; &nbsp; Att lyfta fram inkontinensdagen\u00a0\u00e4r ett bra s\u00e4tt att hj\u00e4lpa\u00a0var fj\u00e4rde kvinna som n\u00e5gon g\u00e5ng i livet drabbas av problem med l\u00e4ckage. S\u00e4rskilt vanligt \u00e4r det efter f\u00f6rlossning och i klimakteriet. V\u00e5r kampanj f\u00f6r att hj\u00e4lpa kvinnor p\u00e5g\u00e5r under en m\u00e5nads tid.\u00a0Var med och sprid\u00a0budskapet att det finns\u00a0ett enkelt och effektivt s\u00e4tt\u00a0att tr\u00e4na med Britt knipkulor.\u00a0Till din hj\u00e4lp f\u00e5r du\u00a0informationsmaterial och f\u00f6rm\u00e5nliga kampanjerbjudanden. Kontakta oss f\u00f6r mer info:\u00a0christoffer@belladot.com\u00a0eller\u00a0031-65 33 61 &nbsp; &nbsp;\" \/>\n<meta property=\"og:url\" content=\"http:\/\/belladot.com\/sv\/2016\/04\/26\/uppmarksamma-inkontinensdagen-den-6e-maj\/\" \/>\n<meta property=\"og:site_name\" content=\"Belladot\" \/>\n<meta property=\"article:published_time\" content=\"2016-04-26T20:42:04+00:00\" \/>\n<meta property=\"article:modified_time\" content=\"2016-05-20T22:06:16+00:00\" \/>\n<meta property=\"og:image\" content=\"http:\/\/belladot.com\/wp-content\/uploads\/2016\/04\/Belladot_knip.jpg\" \/>\n\t<meta property=\"og:image:width\" content=\"600\" \/>\n\t<meta property=\"og:image:height\" content=\"300\" \/>\n\t<meta property=\"og:image:type\" content=\"image\/jpeg\" \/>\n<meta name=\"author\" content=\"Christoffer Utbult\" \/>\n<meta name=\"twitter:label1\" content=\"Skriven av\" \/>\n\t<meta name=\"twitter:data1\" content=\"Christoffer Utbult\" \/>\n\t<meta name=\"twitter:label2\" content=\"Ber\u00e4knad l\u00e4stid\" \/>\n\t<meta name=\"twitter:data2\" content=\"1 minut\" \/>\n<script type=\"application\/ld+json\" class=\"yoast-schema-graph\">{\"@context\":\"https:\/\/schema.org\",\"@graph\":[{\"@type\":\"Article\",\"@id\":\"http:\/\/belladot.com\/sv\/2016\/04\/26\/uppmarksamma-inkontinensdagen-den-6e-maj\/#article\",\"isPartOf\":{\"@id\":\"http:\/\/belladot.com\/sv\/2016\/04\/26\/uppmarksamma-inkontinensdagen-den-6e-maj\/\"},\"author\":{\"name\":\"Christoffer Utbult\",\"@id\":\"https:\/\/belladot.com\/#\/schema\/person\/d4c518a4f80b2c35f2236c46b5089c15\"},\"headline\":\"Uppm\u00e4rksamma inkontinensdagen\u00a0den 6:e maj\",\"datePublished\":\"2016-04-26T20:42:04+00:00\",\"dateModified\":\"2016-05-20T22:06:16+00:00\",\"mainEntityOfPage\":{\"@id\":\"http:\/\/belladot.com\/sv\/2016\/04\/26\/uppmarksamma-inkontinensdagen-den-6e-maj\/\"},\"wordCount\":119,\"commentCount\":0,\"image\":{\"@id\":\"http:\/\/belladot.com\/sv\/2016\/04\/26\/uppmarksamma-inkontinensdagen-den-6e-maj\/#primaryimage\"},\"thumbnailUrl\":\"https:\/\/belladot.com\/wp-content\/uploads\/2016\/04\/Belladot_knip.jpg\",\"articleSection\":[\"Tips &amp; r\u00e5d\"],\"inLanguage\":\"sv-SE\",\"potentialAction\":[{\"@type\":\"CommentAction\",\"name\":\"Comment\",\"target\":[\"http:\/\/belladot.com\/sv\/2016\/04\/26\/uppmarksamma-inkontinensdagen-den-6e-maj\/#respond\"]}]},{\"@type\":\"WebPage\",\"@id\":\"http:\/\/belladot.com\/sv\/2016\/04\/26\/uppmarksamma-inkontinensdagen-den-6e-maj\/\",\"url\":\"http:\/\/belladot.com\/sv\/2016\/04\/26\/uppmarksamma-inkontinensdagen-den-6e-maj\/\",\"name\":\"Uppm\u00e4rksamma inkontinensdagen\u00a0den 6:e maj - Belladot\",\"isPartOf\":{\"@id\":\"https:\/\/belladot.com\/#website\"},\"primaryImageOfPage\":{\"@id\":\"http:\/\/belladot.com\/sv\/2016\/04\/26\/uppmarksamma-inkontinensdagen-den-6e-maj\/#primaryimage\"},\"image\":{\"@id\":\"http:\/\/belladot.com\/sv\/2016\/04\/26\/uppmarksamma-inkontinensdagen-den-6e-maj\/#primaryimage\"},\"thumbnailUrl\":\"https:\/\/belladot.com\/wp-content\/uploads\/2016\/04\/Belladot_knip.jpg\",\"datePublished\":\"2016-04-26T20:42:04+00:00\",\"dateModified\":\"2016-05-20T22:06:16+00:00\",\"author\":{\"@id\":\"https:\/\/belladot.com\/#\/schema\/person\/d4c518a4f80b2c35f2236c46b5089c15\"},\"inLanguage\":\"sv-SE\",\"potentialAction\":[{\"@type\":\"ReadAction\",\"target\":[\"http:\/\/belladot.com\/sv\/2016\/04\/26\/uppmarksamma-inkontinensdagen-den-6e-maj\/\"]}]},{\"@type\":\"ImageObject\",\"inLanguage\":\"sv-SE\",\"@id\":\"http:\/\/belladot.com\/sv\/2016\/04\/26\/uppmarksamma-inkontinensdagen-den-6e-maj\/#primaryimage\",\"url\":\"https:\/\/belladot.com\/wp-content\/uploads\/2016\/04\/Belladot_knip.jpg\",\"contentUrl\":\"https:\/\/belladot.com\/wp-content\/uploads\/2016\/04\/Belladot_knip.jpg\",\"width\":600,\"height\":300,\"caption\":\"Inkontinensdagen 6:e maj\"},{\"@type\":\"WebSite\",\"@id\":\"https:\/\/belladot.com\/#website\",\"url\":\"https:\/\/belladot.com\/\",\"name\":\"Belladot\",\"description\":\"\",\"potentialAction\":[{\"@type\":\"SearchAction\",\"target\":{\"@type\":\"EntryPoint\",\"urlTemplate\":\"https:\/\/belladot.com\/?s={search_term_string}\"},\"query-input\":{\"@type\":\"PropertyValueSpecification\",\"valueRequired\":true,\"valueName\":\"search_term_string\"}}],\"inLanguage\":\"sv-SE\"},{\"@type\":\"Person\",\"@id\":\"https:\/\/belladot.com\/#\/schema\/person\/d4c518a4f80b2c35f2236c46b5089c15\",\"name\":\"Christoffer Utbult\",\"image\":{\"@type\":\"ImageObject\",\"inLanguage\":\"sv-SE\",\"@id\":\"https:\/\/belladot.com\/#\/schema\/person\/image\/\",\"url\":\"https:\/\/secure.gravatar.com\/avatar\/2611b94af747d31d62cfdfdbfb3ffa8ad933c9a8eb172c26a41586110d6a409c?s=96&d=mm&r=g\",\"contentUrl\":\"https:\/\/secure.gravatar.com\/avatar\/2611b94af747d31d62cfdfdbfb3ffa8ad933c9a8eb172c26a41586110d6a409c?s=96&d=mm&r=g\",\"caption\":\"Christoffer Utbult\"}}]}<\/script>\n<!-- \/ Yoast SEO plugin. -->","yoast_head_json":{"title":"Uppm\u00e4rksamma inkontinensdagen\u00a0den 6:e maj - Belladot","robots":{"index":"index","follow":"follow","max-snippet":"max-snippet:-1","max-image-preview":"max-image-preview:large","max-video-preview":"max-video-preview:-1"},"canonical":"http:\/\/belladot.com\/sv\/2016\/04\/26\/uppmarksamma-inkontinensdagen-den-6e-maj\/","og_locale":"sv_SE","og_type":"article","og_title":"Uppm\u00e4rksamma inkontinensdagen\u00a0den 6:e maj - Belladot","og_description":"&nbsp; &nbsp; &nbsp; &nbsp; &nbsp; &nbsp; &nbsp; &nbsp; &nbsp; &nbsp; Att lyfta fram inkontinensdagen\u00a0\u00e4r ett bra s\u00e4tt att hj\u00e4lpa\u00a0var fj\u00e4rde kvinna som n\u00e5gon g\u00e5ng i livet drabbas av problem med l\u00e4ckage. S\u00e4rskilt vanligt \u00e4r det efter f\u00f6rlossning och i klimakteriet. V\u00e5r kampanj f\u00f6r att hj\u00e4lpa kvinnor p\u00e5g\u00e5r under en m\u00e5nads tid.\u00a0Var med och sprid\u00a0budskapet att det finns\u00a0ett enkelt och effektivt s\u00e4tt\u00a0att tr\u00e4na med Britt knipkulor.\u00a0Till din hj\u00e4lp f\u00e5r du\u00a0informationsmaterial och f\u00f6rm\u00e5nliga kampanjerbjudanden. Kontakta oss f\u00f6r mer info:\u00a0christoffer@belladot.com\u00a0eller\u00a0031-65 33 61 &nbsp; &nbsp;","og_url":"http:\/\/belladot.com\/sv\/2016\/04\/26\/uppmarksamma-inkontinensdagen-den-6e-maj\/","og_site_name":"Belladot","article_published_time":"2016-04-26T20:42:04+00:00","article_modified_time":"2016-05-20T22:06:16+00:00","og_image":[{"width":600,"height":300,"url":"http:\/\/belladot.com\/wp-content\/uploads\/2016\/04\/Belladot_knip.jpg","type":"image\/jpeg"}],"author":"Christoffer Utbult","twitter_misc":{"Skriven av":"Christoffer Utbult","Ber\u00e4knad l\u00e4stid":"1 minut"},"schema":{"@context":"https:\/\/schema.org","@graph":[{"@type":"Article","@id":"http:\/\/belladot.com\/sv\/2016\/04\/26\/uppmarksamma-inkontinensdagen-den-6e-maj\/#article","isPartOf":{"@id":"http:\/\/belladot.com\/sv\/2016\/04\/26\/uppmarksamma-inkontinensdagen-den-6e-maj\/"},"author":{"name":"Christoffer Utbult","@id":"https:\/\/belladot.com\/#\/schema\/person\/d4c518a4f80b2c35f2236c46b5089c15"},"headline":"Uppm\u00e4rksamma inkontinensdagen\u00a0den 6:e maj","datePublished":"2016-04-26T20:42:04+00:00","dateModified":"2016-05-20T22:06:16+00:00","mainEntityOfPage":{"@id":"http:\/\/belladot.com\/sv\/2016\/04\/26\/uppmarksamma-inkontinensdagen-den-6e-maj\/"},"wordCount":119,"commentCount":0,"image":{"@id":"http:\/\/belladot.com\/sv\/2016\/04\/26\/uppmarksamma-inkontinensdagen-den-6e-maj\/#primaryimage"},"thumbnailUrl":"https:\/\/belladot.com\/wp-content\/uploads\/2016\/04\/Belladot_knip.jpg","articleSection":["Tips &amp; r\u00e5d"],"inLanguage":"sv-SE","potentialAction":[{"@type":"CommentAction","name":"Comment","target":["http:\/\/belladot.com\/sv\/2016\/04\/26\/uppmarksamma-inkontinensdagen-den-6e-maj\/#respond"]}]},{"@type":"WebPage","@id":"http:\/\/belladot.com\/sv\/2016\/04\/26\/uppmarksamma-inkontinensdagen-den-6e-maj\/","url":"http:\/\/belladot.com\/sv\/2016\/04\/26\/uppmarksamma-inkontinensdagen-den-6e-maj\/","name":"Uppm\u00e4rksamma inkontinensdagen\u00a0den 6:e maj - Belladot","isPartOf":{"@id":"https:\/\/belladot.com\/#website"},"primaryImageOfPage":{"@id":"http:\/\/belladot.com\/sv\/2016\/04\/26\/uppmarksamma-inkontinensdagen-den-6e-maj\/#primaryimage"},"image":{"@id":"http:\/\/belladot.com\/sv\/2016\/04\/26\/uppmarksamma-inkontinensdagen-den-6e-maj\/#primaryimage"},"thumbnailUrl":"https:\/\/belladot.com\/wp-content\/uploads\/2016\/04\/Belladot_knip.jpg","datePublished":"2016-04-26T20:42:04+00:00","dateModified":"2016-05-20T22:06:16+00:00","author":{"@id":"https:\/\/belladot.com\/#\/schema\/person\/d4c518a4f80b2c35f2236c46b5089c15"},"inLanguage":"sv-SE","potentialAction":[{"@type":"ReadAction","target":["http:\/\/belladot.com\/sv\/2016\/04\/26\/uppmarksamma-inkontinensdagen-den-6e-maj\/"]}]},{"@type":"ImageObject","inLanguage":"sv-SE","@id":"http:\/\/belladot.com\/sv\/2016\/04\/26\/uppmarksamma-inkontinensdagen-den-6e-maj\/#primaryimage","url":"https:\/\/belladot.com\/wp-content\/uploads\/2016\/04\/Belladot_knip.jpg","contentUrl":"https:\/\/belladot.com\/wp-content\/uploads\/2016\/04\/Belladot_knip.jpg","width":600,"height":300,"caption":"Inkontinensdagen 6:e maj"},{"@type":"WebSite","@id":"https:\/\/belladot.com\/#website","url":"https:\/\/belladot.com\/","name":"Belladot","description":"","potentialAction":[{"@type":"SearchAction","target":{"@type":"EntryPoint","urlTemplate":"https:\/\/belladot.com\/?s={search_term_string}"},"query-input":{"@type":"PropertyValueSpecification","valueRequired":true,"valueName":"search_term_string"}}],"inLanguage":"sv-SE"},{"@type":"Person","@id":"https:\/\/belladot.com\/#\/schema\/person\/d4c518a4f80b2c35f2236c46b5089c15","name":"Christoffer Utbult","image":{"@type":"ImageObject","inLanguage":"sv-SE","@id":"https:\/\/belladot.com\/#\/schema\/person\/image\/","url":"https:\/\/secure.gravatar.com\/avatar\/2611b94af747d31d62cfdfdbfb3ffa8ad933c9a8eb172c26a41586110d6a409c?s=96&d=mm&r=g","contentUrl":"https:\/\/secure.gravatar.com\/avatar\/2611b94af747d31d62cfdfdbfb3ffa8ad933c9a8eb172c26a41586110d6a409c?s=96&d=mm&r=g","caption":"Christoffer Utbult"}}]}},"_links":{"self":[{"href":"https:\/\/belladot.com\/sv\/wp-json\/wp\/v2\/posts\/5268","targetHints":{"allow":["GET"]}}],"collection":[{"href":"https:\/\/belladot.com\/sv\/wp-json\/wp\/v2\/posts"}],"about":[{"href":"https:\/\/belladot.com\/sv\/wp-json\/wp\/v2\/types\/post"}],"author":[{"embeddable":true,"href":"https:\/\/belladot.com\/sv\/wp-json\/wp\/v2\/users\/4"}],"replies":[{"embeddable":true,"href":"https:\/\/belladot.com\/sv\/wp-json\/wp\/v2\/comments?post=5268"}],"version-history":[{"count":0,"href":"https:\/\/belladot.com\/sv\/wp-json\/wp\/v2\/posts\/5268\/revisions"}],"wp:featuredmedia":[{"embeddable":true,"href":"https:\/\/belladot.com\/sv\/wp-json\/wp\/v2\/media\/5270"}],"wp:attachment":[{"href":"https:\/\/belladot.com\/sv\/wp-json\/wp\/v2\/media?parent=5268"}],"wp:term":[{"taxonomy":"category","embeddable":true,"href":"https:\/\/belladot.com\/sv\/wp-json\/wp\/v2\/categories?post=5268"},{"taxonomy":"post_tag","embeddable":true,"href":"https:\/\/belladot.com\/sv\/wp-json\/wp\/v2\/tags?post=5268"}],"curies":[{"name":"wp","href":"https:\/\/api.w.org\/{rel}","templated":true}]}}