{"id":5789,"date":"2016-09-01T15:01:28","date_gmt":"2016-09-01T13:01:28","guid":{"rendered":"http:\/\/belladot.com.loopiadns.com.loopiadns.com\/sv\/?p=5789"},"modified":"2016-09-01T15:01:28","modified_gmt":"2016-09-01T13:01:28","slug":"inbjudan-utbildning-och-nyheter-var-monter-kommer-du","status":"publish","type":"post","link":"https:\/\/belladot.com\/sv\/2016\/09\/01\/inbjudan-utbildning-och-nyheter-var-monter-kommer-du\/","title":{"rendered":"Inbjudan: Utbildning och nyheter i v\u00e5r monter &#8211; kommer du?"},"content":{"rendered":"<h3><\/h3>\n<h3>Bes\u00f6k oss p\u00e5 m\u00e4ssan\u00a0Apotek och Egenv\u00e5rd i Kista!<\/h3>\n<p>&nbsp;<\/p>\n<p><a href=\"http:\/\/belladot.com.loopiadns.com\/wp-content\/uploads\/2016\/09\/Sommar-par.jpg\"><img loading=\"lazy\" decoding=\"async\" class=\"alignnone wp-image-5790 size-medium\" src=\"http:\/\/belladot.com.loopiadns.com\/wp-content\/uploads\/2016\/09\/Sommar-par-300x200.jpg\" alt=\"Sommar par\" width=\"300\" height=\"200\" srcset=\"https:\/\/belladot.com\/wp-content\/uploads\/2016\/09\/Sommar-par-300x200.jpg 300w, https:\/\/belladot.com\/wp-content\/uploads\/2016\/09\/Sommar-par.jpg 763w\" sizes=\"auto, (max-width: 300px) 100vw, 300px\" \/><\/a><\/p>\n<h3><strong>Utbildning och nyhete<\/strong><strong>r i v\u00e5r monter!<\/strong><\/h3>\n<p>I v\u00e5r monter h\u00e5ller vi v\u00e5ra popul\u00e4ra utbildningar inom intim- och sexual h\u00e4lsa.<br \/>\nF\u00e5 med dig konkreta tips och argument om hur m\u00f6ter din kund p\u00e5 ett naturligt s\u00e4tt.<br \/>\nVi presenterar ocks\u00e5 nyheter du inte vill missa!<\/p>\n<p><strong>Plats:<\/strong> Kistam\u00e4ssan,\u00a0V\u00e5r monter <strong>J:05<\/strong> ligger precis till v\u00e4nster om ing\u00e5ngen.<br \/>\n<strong>N\u00e4r:<\/strong> 8-9 september<\/p>\n<p>&nbsp;<\/p>\n<p><a href=\"http:\/\/www.easyfairs.com\/sv\/events_216\/apotek-egenvaard-2016_81286\/sweden_81295\/\" target=\"_blank\" data-cke-saved-href=\"http:\/\/www.easyfairs.com\/sv\/events_216\/apotek-egenvaard-2016_81286\/sweden_81295\/\">Apotek och Egenv\u00e5rd<\/a><br \/>\n\u00e4r m\u00f6tesplatsen\u00a0f\u00f6r dig som arbetar\u00a0inom<br \/>\napotek, l\u00e4kemedel och egenv\u00e5rd<\/p>\n<p>&nbsp;<\/p>\n<p><a href=\"http:\/\/belladot.com.loopiadns.com\/wp-content\/uploads\/2016\/09\/Apotekegenvard.jpg\"><img loading=\"lazy\" decoding=\"async\" class=\"alignnone wp-image-5791 size-medium\" src=\"http:\/\/belladot.com.loopiadns.com\/wp-content\/uploads\/2016\/09\/Apotekegenvard-300x111.jpg\" alt=\"Apotekegenvard\" width=\"300\" height=\"111\" srcset=\"https:\/\/belladot.com\/wp-content\/uploads\/2016\/09\/Apotekegenvard-300x111.jpg 300w, https:\/\/belladot.com\/wp-content\/uploads\/2016\/09\/Apotekegenvard-768x284.jpg 768w, https:\/\/belladot.com\/wp-content\/uploads\/2016\/09\/Apotekegenvard.jpg 941w\" sizes=\"auto, (max-width: 300px) 100vw, 300px\" \/><\/a><\/p>\n<p>&nbsp;<\/p>\n<p>&nbsp;<\/p>\n","protected":false},"excerpt":{"rendered":"<p>Bes\u00f6k oss p\u00e5 m\u00e4ssan\u00a0Apotek och Egenv\u00e5rd i Kista! &nbsp; Utbildning och nyheter i v\u00e5r monter! I v\u00e5r monter h\u00e5ller vi v\u00e5ra popul\u00e4ra utbildningar inom intim- och sexual h\u00e4lsa. F\u00e5 med dig konkreta tips och argument om hur m\u00f6ter din kund p\u00e5 ett naturligt s\u00e4tt. Vi presenterar ocks\u00e5 nyheter du inte vill missa! Plats: Kistam\u00e4ssan,\u00a0V\u00e5r monter J:05 ligger precis till v\u00e4nster om ing\u00e5ngen. N\u00e4r: 8-9 september &nbsp; Apotek och Egenv\u00e5rd \u00e4r m\u00f6tesplatsen\u00a0f\u00f6r dig som arbetar\u00a0inom apotek, l\u00e4kemedel och egenv\u00e5rd &nbsp; &nbsp; &nbsp;<\/p>\n","protected":false},"author":4,"featured_media":0,"comment_status":"open","ping_status":"open","sticky":false,"template":"","format":"standard","meta":{"_acf_changed":false,"footnotes":""},"categories":[433],"tags":[],"class_list":["post-5789","post","type-post","status-publish","format-standard","hentry","category-tips"],"acf":[],"yoast_head":"<!-- This site is optimized with the Yoast SEO plugin v27.1.1 - https:\/\/yoast.com\/product\/yoast-seo-wordpress\/ -->\n<title>Inbjudan: Utbildning och nyheter i v\u00e5r monter - kommer du? - Belladot<\/title>\n<meta name=\"robots\" content=\"index, follow, max-snippet:-1, max-image-preview:large, max-video-preview:-1\" \/>\n<link rel=\"canonical\" href=\"http:\/\/belladot.com\/sv\/2016\/09\/01\/inbjudan-utbildning-och-nyheter-var-monter-kommer-du\/\" \/>\n<meta property=\"og:locale\" content=\"sv_SE\" \/>\n<meta property=\"og:type\" content=\"article\" \/>\n<meta property=\"og:title\" content=\"Inbjudan: Utbildning och nyheter i v\u00e5r monter - kommer du? - Belladot\" \/>\n<meta property=\"og:description\" content=\"Bes\u00f6k oss p\u00e5 m\u00e4ssan\u00a0Apotek och Egenv\u00e5rd i Kista! &nbsp; Utbildning och nyheter i v\u00e5r monter! I v\u00e5r monter h\u00e5ller vi v\u00e5ra popul\u00e4ra utbildningar inom intim- och sexual h\u00e4lsa. F\u00e5 med dig konkreta tips och argument om hur m\u00f6ter din kund p\u00e5 ett naturligt s\u00e4tt. Vi presenterar ocks\u00e5 nyheter du inte vill missa! Plats: Kistam\u00e4ssan,\u00a0V\u00e5r monter J:05 ligger precis till v\u00e4nster om ing\u00e5ngen. N\u00e4r: 8-9 september &nbsp; Apotek och Egenv\u00e5rd \u00e4r m\u00f6tesplatsen\u00a0f\u00f6r dig som arbetar\u00a0inom apotek, l\u00e4kemedel och egenv\u00e5rd &nbsp; &nbsp; &nbsp;\" \/>\n<meta property=\"og:url\" content=\"http:\/\/belladot.com\/sv\/2016\/09\/01\/inbjudan-utbildning-och-nyheter-var-monter-kommer-du\/\" \/>\n<meta property=\"og:site_name\" content=\"Belladot\" \/>\n<meta property=\"article:published_time\" content=\"2016-09-01T13:01:28+00:00\" \/>\n<meta property=\"og:image\" content=\"http:\/\/belladot.com.loopiadns.com\/wp-content\/uploads\/2016\/09\/Sommar-par-300x200.jpg\" \/>\n<meta name=\"author\" content=\"Christoffer Utbult\" \/>\n<meta name=\"twitter:label1\" content=\"Skriven av\" \/>\n\t<meta name=\"twitter:data1\" content=\"Christoffer Utbult\" \/>\n\t<meta name=\"twitter:label2\" content=\"Ber\u00e4knad l\u00e4stid\" \/>\n\t<meta name=\"twitter:data2\" content=\"1 minut\" \/>\n<script type=\"application\/ld+json\" class=\"yoast-schema-graph\">{\"@context\":\"https:\/\/schema.org\",\"@graph\":[{\"@type\":\"Article\",\"@id\":\"http:\/\/belladot.com\/sv\/2016\/09\/01\/inbjudan-utbildning-och-nyheter-var-monter-kommer-du\/#article\",\"isPartOf\":{\"@id\":\"http:\/\/belladot.com\/sv\/2016\/09\/01\/inbjudan-utbildning-och-nyheter-var-monter-kommer-du\/\"},\"author\":{\"name\":\"Christoffer Utbult\",\"@id\":\"https:\/\/belladot.com\/#\/schema\/person\/d4c518a4f80b2c35f2236c46b5089c15\"},\"headline\":\"Inbjudan: Utbildning och nyheter i v\u00e5r monter &#8211; kommer du?\",\"datePublished\":\"2016-09-01T13:01:28+00:00\",\"mainEntityOfPage\":{\"@id\":\"http:\/\/belladot.com\/sv\/2016\/09\/01\/inbjudan-utbildning-och-nyheter-var-monter-kommer-du\/\"},\"wordCount\":118,\"commentCount\":0,\"image\":{\"@id\":\"http:\/\/belladot.com\/sv\/2016\/09\/01\/inbjudan-utbildning-och-nyheter-var-monter-kommer-du\/#primaryimage\"},\"thumbnailUrl\":\"http:\/\/belladot.com.loopiadns.com\/wp-content\/uploads\/2016\/09\/Sommar-par-300x200.jpg\",\"articleSection\":[\"Tips &amp; r\u00e5d\"],\"inLanguage\":\"sv-SE\",\"potentialAction\":[{\"@type\":\"CommentAction\",\"name\":\"Comment\",\"target\":[\"http:\/\/belladot.com\/sv\/2016\/09\/01\/inbjudan-utbildning-och-nyheter-var-monter-kommer-du\/#respond\"]}]},{\"@type\":\"WebPage\",\"@id\":\"http:\/\/belladot.com\/sv\/2016\/09\/01\/inbjudan-utbildning-och-nyheter-var-monter-kommer-du\/\",\"url\":\"http:\/\/belladot.com\/sv\/2016\/09\/01\/inbjudan-utbildning-och-nyheter-var-monter-kommer-du\/\",\"name\":\"Inbjudan: Utbildning och nyheter i v\u00e5r monter - kommer du? - Belladot\",\"isPartOf\":{\"@id\":\"https:\/\/belladot.com\/#website\"},\"primaryImageOfPage\":{\"@id\":\"http:\/\/belladot.com\/sv\/2016\/09\/01\/inbjudan-utbildning-och-nyheter-var-monter-kommer-du\/#primaryimage\"},\"image\":{\"@id\":\"http:\/\/belladot.com\/sv\/2016\/09\/01\/inbjudan-utbildning-och-nyheter-var-monter-kommer-du\/#primaryimage\"},\"thumbnailUrl\":\"http:\/\/belladot.com.loopiadns.com\/wp-content\/uploads\/2016\/09\/Sommar-par-300x200.jpg\",\"datePublished\":\"2016-09-01T13:01:28+00:00\",\"author\":{\"@id\":\"https:\/\/belladot.com\/#\/schema\/person\/d4c518a4f80b2c35f2236c46b5089c15\"},\"inLanguage\":\"sv-SE\",\"potentialAction\":[{\"@type\":\"ReadAction\",\"target\":[\"http:\/\/belladot.com\/sv\/2016\/09\/01\/inbjudan-utbildning-och-nyheter-var-monter-kommer-du\/\"]}]},{\"@type\":\"ImageObject\",\"inLanguage\":\"sv-SE\",\"@id\":\"http:\/\/belladot.com\/sv\/2016\/09\/01\/inbjudan-utbildning-och-nyheter-var-monter-kommer-du\/#primaryimage\",\"url\":\"http:\/\/belladot.com.loopiadns.com\/wp-content\/uploads\/2016\/09\/Sommar-par-300x200.jpg\",\"contentUrl\":\"http:\/\/belladot.com.loopiadns.com\/wp-content\/uploads\/2016\/09\/Sommar-par-300x200.jpg\"},{\"@type\":\"WebSite\",\"@id\":\"https:\/\/belladot.com\/#website\",\"url\":\"https:\/\/belladot.com\/\",\"name\":\"Belladot\",\"description\":\"\",\"potentialAction\":[{\"@type\":\"SearchAction\",\"target\":{\"@type\":\"EntryPoint\",\"urlTemplate\":\"https:\/\/belladot.com\/?s={search_term_string}\"},\"query-input\":{\"@type\":\"PropertyValueSpecification\",\"valueRequired\":true,\"valueName\":\"search_term_string\"}}],\"inLanguage\":\"sv-SE\"},{\"@type\":\"Person\",\"@id\":\"https:\/\/belladot.com\/#\/schema\/person\/d4c518a4f80b2c35f2236c46b5089c15\",\"name\":\"Christoffer Utbult\",\"image\":{\"@type\":\"ImageObject\",\"inLanguage\":\"sv-SE\",\"@id\":\"https:\/\/belladot.com\/#\/schema\/person\/image\/\",\"url\":\"https:\/\/secure.gravatar.com\/avatar\/2611b94af747d31d62cfdfdbfb3ffa8ad933c9a8eb172c26a41586110d6a409c?s=96&d=mm&r=g\",\"contentUrl\":\"https:\/\/secure.gravatar.com\/avatar\/2611b94af747d31d62cfdfdbfb3ffa8ad933c9a8eb172c26a41586110d6a409c?s=96&d=mm&r=g\",\"caption\":\"Christoffer Utbult\"}}]}<\/script>\n<!-- \/ Yoast SEO plugin. -->","yoast_head_json":{"title":"Inbjudan: Utbildning och nyheter i v\u00e5r monter - kommer du? - Belladot","robots":{"index":"index","follow":"follow","max-snippet":"max-snippet:-1","max-image-preview":"max-image-preview:large","max-video-preview":"max-video-preview:-1"},"canonical":"http:\/\/belladot.com\/sv\/2016\/09\/01\/inbjudan-utbildning-och-nyheter-var-monter-kommer-du\/","og_locale":"sv_SE","og_type":"article","og_title":"Inbjudan: Utbildning och nyheter i v\u00e5r monter - kommer du? - Belladot","og_description":"Bes\u00f6k oss p\u00e5 m\u00e4ssan\u00a0Apotek och Egenv\u00e5rd i Kista! &nbsp; Utbildning och nyheter i v\u00e5r monter! I v\u00e5r monter h\u00e5ller vi v\u00e5ra popul\u00e4ra utbildningar inom intim- och sexual h\u00e4lsa. F\u00e5 med dig konkreta tips och argument om hur m\u00f6ter din kund p\u00e5 ett naturligt s\u00e4tt. Vi presenterar ocks\u00e5 nyheter du inte vill missa! Plats: Kistam\u00e4ssan,\u00a0V\u00e5r monter J:05 ligger precis till v\u00e4nster om ing\u00e5ngen. N\u00e4r: 8-9 september &nbsp; Apotek och Egenv\u00e5rd \u00e4r m\u00f6tesplatsen\u00a0f\u00f6r dig som arbetar\u00a0inom apotek, l\u00e4kemedel och egenv\u00e5rd &nbsp; &nbsp; &nbsp;","og_url":"http:\/\/belladot.com\/sv\/2016\/09\/01\/inbjudan-utbildning-och-nyheter-var-monter-kommer-du\/","og_site_name":"Belladot","article_published_time":"2016-09-01T13:01:28+00:00","og_image":[{"url":"http:\/\/belladot.com.loopiadns.com\/wp-content\/uploads\/2016\/09\/Sommar-par-300x200.jpg","type":"","width":"","height":""}],"author":"Christoffer Utbult","twitter_misc":{"Skriven av":"Christoffer Utbult","Ber\u00e4knad l\u00e4stid":"1 minut"},"schema":{"@context":"https:\/\/schema.org","@graph":[{"@type":"Article","@id":"http:\/\/belladot.com\/sv\/2016\/09\/01\/inbjudan-utbildning-och-nyheter-var-monter-kommer-du\/#article","isPartOf":{"@id":"http:\/\/belladot.com\/sv\/2016\/09\/01\/inbjudan-utbildning-och-nyheter-var-monter-kommer-du\/"},"author":{"name":"Christoffer Utbult","@id":"https:\/\/belladot.com\/#\/schema\/person\/d4c518a4f80b2c35f2236c46b5089c15"},"headline":"Inbjudan: Utbildning och nyheter i v\u00e5r monter &#8211; kommer du?","datePublished":"2016-09-01T13:01:28+00:00","mainEntityOfPage":{"@id":"http:\/\/belladot.com\/sv\/2016\/09\/01\/inbjudan-utbildning-och-nyheter-var-monter-kommer-du\/"},"wordCount":118,"commentCount":0,"image":{"@id":"http:\/\/belladot.com\/sv\/2016\/09\/01\/inbjudan-utbildning-och-nyheter-var-monter-kommer-du\/#primaryimage"},"thumbnailUrl":"http:\/\/belladot.com.loopiadns.com\/wp-content\/uploads\/2016\/09\/Sommar-par-300x200.jpg","articleSection":["Tips &amp; r\u00e5d"],"inLanguage":"sv-SE","potentialAction":[{"@type":"CommentAction","name":"Comment","target":["http:\/\/belladot.com\/sv\/2016\/09\/01\/inbjudan-utbildning-och-nyheter-var-monter-kommer-du\/#respond"]}]},{"@type":"WebPage","@id":"http:\/\/belladot.com\/sv\/2016\/09\/01\/inbjudan-utbildning-och-nyheter-var-monter-kommer-du\/","url":"http:\/\/belladot.com\/sv\/2016\/09\/01\/inbjudan-utbildning-och-nyheter-var-monter-kommer-du\/","name":"Inbjudan: Utbildning och nyheter i v\u00e5r monter - kommer du? - Belladot","isPartOf":{"@id":"https:\/\/belladot.com\/#website"},"primaryImageOfPage":{"@id":"http:\/\/belladot.com\/sv\/2016\/09\/01\/inbjudan-utbildning-och-nyheter-var-monter-kommer-du\/#primaryimage"},"image":{"@id":"http:\/\/belladot.com\/sv\/2016\/09\/01\/inbjudan-utbildning-och-nyheter-var-monter-kommer-du\/#primaryimage"},"thumbnailUrl":"http:\/\/belladot.com.loopiadns.com\/wp-content\/uploads\/2016\/09\/Sommar-par-300x200.jpg","datePublished":"2016-09-01T13:01:28+00:00","author":{"@id":"https:\/\/belladot.com\/#\/schema\/person\/d4c518a4f80b2c35f2236c46b5089c15"},"inLanguage":"sv-SE","potentialAction":[{"@type":"ReadAction","target":["http:\/\/belladot.com\/sv\/2016\/09\/01\/inbjudan-utbildning-och-nyheter-var-monter-kommer-du\/"]}]},{"@type":"ImageObject","inLanguage":"sv-SE","@id":"http:\/\/belladot.com\/sv\/2016\/09\/01\/inbjudan-utbildning-och-nyheter-var-monter-kommer-du\/#primaryimage","url":"http:\/\/belladot.com.loopiadns.com\/wp-content\/uploads\/2016\/09\/Sommar-par-300x200.jpg","contentUrl":"http:\/\/belladot.com.loopiadns.com\/wp-content\/uploads\/2016\/09\/Sommar-par-300x200.jpg"},{"@type":"WebSite","@id":"https:\/\/belladot.com\/#website","url":"https:\/\/belladot.com\/","name":"Belladot","description":"","potentialAction":[{"@type":"SearchAction","target":{"@type":"EntryPoint","urlTemplate":"https:\/\/belladot.com\/?s={search_term_string}"},"query-input":{"@type":"PropertyValueSpecification","valueRequired":true,"valueName":"search_term_string"}}],"inLanguage":"sv-SE"},{"@type":"Person","@id":"https:\/\/belladot.com\/#\/schema\/person\/d4c518a4f80b2c35f2236c46b5089c15","name":"Christoffer Utbult","image":{"@type":"ImageObject","inLanguage":"sv-SE","@id":"https:\/\/belladot.com\/#\/schema\/person\/image\/","url":"https:\/\/secure.gravatar.com\/avatar\/2611b94af747d31d62cfdfdbfb3ffa8ad933c9a8eb172c26a41586110d6a409c?s=96&d=mm&r=g","contentUrl":"https:\/\/secure.gravatar.com\/avatar\/2611b94af747d31d62cfdfdbfb3ffa8ad933c9a8eb172c26a41586110d6a409c?s=96&d=mm&r=g","caption":"Christoffer Utbult"}}]}},"_links":{"self":[{"href":"https:\/\/belladot.com\/sv\/wp-json\/wp\/v2\/posts\/5789","targetHints":{"allow":["GET"]}}],"collection":[{"href":"https:\/\/belladot.com\/sv\/wp-json\/wp\/v2\/posts"}],"about":[{"href":"https:\/\/belladot.com\/sv\/wp-json\/wp\/v2\/types\/post"}],"author":[{"embeddable":true,"href":"https:\/\/belladot.com\/sv\/wp-json\/wp\/v2\/users\/4"}],"replies":[{"embeddable":true,"href":"https:\/\/belladot.com\/sv\/wp-json\/wp\/v2\/comments?post=5789"}],"version-history":[{"count":0,"href":"https:\/\/belladot.com\/sv\/wp-json\/wp\/v2\/posts\/5789\/revisions"}],"wp:attachment":[{"href":"https:\/\/belladot.com\/sv\/wp-json\/wp\/v2\/media?parent=5789"}],"wp:term":[{"taxonomy":"category","embeddable":true,"href":"https:\/\/belladot.com\/sv\/wp-json\/wp\/v2\/categories?post=5789"},{"taxonomy":"post_tag","embeddable":true,"href":"https:\/\/belladot.com\/sv\/wp-json\/wp\/v2\/tags?post=5789"}],"curies":[{"name":"wp","href":"https:\/\/api.w.org\/{rel}","templated":true}]}}