{"id":6557,"date":"2017-07-17T11:05:02","date_gmt":"2017-07-17T09:05:02","guid":{"rendered":"http:\/\/belladot.com.loopiadns.com.loopiadns.com\/?p=6557\/"},"modified":"2017-07-21T11:10:15","modified_gmt":"2017-07-21T09:10:15","slug":"har-ni-sett-belladot-evelina","status":"publish","type":"post","link":"https:\/\/belladot.com\/sv\/2017\/07\/17\/har-ni-sett-belladot-evelina\/","title":{"rendered":"Har ni sett Belladot Evelina i butikshyllan?"},"content":{"rendered":"<p><strong>Vi vill presentera <a href=\"http:\/\/belladot.com.loopiadns.com\/sv\/products\/evelina-menskopp\/\">Belladot Evelina<\/a> lite n\u00e4rmare, speciellt f\u00f6r dig som \u00e4nnu inte stiftat bekantskap med henne. Kanske ni n\u00e5gon g\u00e5ng har tr\u00e4ffats i butikshyllan?<\/strong><\/p>\n<p><a href=\"http:\/\/belladot.com.loopiadns.com\/wp-content\/uploads\/2017\/07\/886e14da-9255-4cd3-b4b3-0c7170900ead.jpg\"><img loading=\"lazy\" decoding=\"async\" class=\"aligncenter size-large wp-image-6570\" src=\"http:\/\/belladot.com.loopiadns.com\/wp-content\/uploads\/2017\/07\/886e14da-9255-4cd3-b4b3-0c7170900ead-1024x768.jpg\" alt=\"Belladot Evelina sticker ut i hyllan\" width=\"1024\" height=\"768\" srcset=\"https:\/\/belladot.com\/wp-content\/uploads\/2017\/07\/886e14da-9255-4cd3-b4b3-0c7170900ead.jpg 1024w, https:\/\/belladot.com\/wp-content\/uploads\/2017\/07\/886e14da-9255-4cd3-b4b3-0c7170900ead-300x225.jpg 300w, https:\/\/belladot.com\/wp-content\/uploads\/2017\/07\/886e14da-9255-4cd3-b4b3-0c7170900ead-768x576.jpg 768w\" sizes=\"auto, (max-width: 1024px) 100vw, 1024px\" \/><\/a><\/p>\n<p>Belladot Evelina \u00e4r en menskopp som finns i tv\u00e5 olika storlekar. I f\u00f6rpackningsdesignen f\u00f6r Evelina har vi valt en redan vedertagen f\u00e4rgkodning f\u00f6r mensskydd; bl\u00e5 f\u00f6r small &amp; medium och rosa f\u00f6r large &amp; plus. Allt f\u00f6r att g\u00f6ra valet enkelt och intuitivt.<\/p>\n<p>Konsumenten ska direkt se att det handlar om mensskydd och f\u00f6rst\u00e5 vilken storlek de ska v\u00e4lja. Belladots f\u00f6rpackningar \u00e4r positionerade f\u00f6r att sticka ut i hyllan.<\/p>\n<p>Drivkrafterna i varum\u00e4rket och designen \u00e4r att avdramatisera och lyfta fram en stolthet. <a href=\"http:\/\/www.designpriset.se\/vinnare.php?year=2010\" target=\"_blank\" rel=\"noopener noreferrer\">\u00c5r 2010 vann vi guld i Svenska Designpriset som \u201d\u00c5rets v\u00e5ghals\u201d.<\/a><\/p>\n<h2>Kort om Belladot Evelina Menskopp<\/h2>\n<p>Allt fler kvinnor anv\u00e4nder menskoppen ist\u00e4llet f\u00f6r tamponger och bindor. Fr\u00e4mst av ekonomiska och milj\u00f6v\u00e4nliga sk\u00e4l men ocks\u00e5 f\u00f6r att den kan sitta i en l\u00e4ngre stund \u00e4n en tampong. Det g\u00f6r att k\u00e4nslan av frihet \u00f6kar. Tester har gjorts p\u00e5 traditionella mensskydd som visar att de inneh\u00e5ller kemikalier och gifter vilket inte \u00e4r s\u00e5 skonsamt f\u00f6r slemhinnorna.<\/p>\n<p>V\u00e5r menskopp \u00e4r gjord i s\u00e4ker silikon som allergitestats. Den \u00e4r mjuk och l\u00e4tt att anv\u00e4nda. Unders\u00f6kningar visar att testare dessutom upplever menskoppen som fr\u00e4schare. N\u00e4r den inte anv\u00e4nds s\u00e5 f\u00f6rvaras den i medf\u00f6ljande tygp\u00e5se.<\/p>\n<h3>Vi st\u00f6ttar flickor i utvecklingsl\u00e4nder<\/h3>\n<p>Evelina \u00e4r stolt medverkare i olika sociala projekt. I t ex <a href=\"http:\/\/belladot.com.loopiadns.com\/sv\/2017\/05\/24\/mens-tanzania\/\">Tanzania<\/a> och i <a href=\"http:\/\/belladot.com.loopiadns.com\/sv\/2016\/06\/01\/hjalper-indiska-flickor\/\">Indien<\/a> har vi skolprojekt d\u00e4r menskoppen blir ett hj\u00e4lpmedel f\u00f6r att utbildning inte ska utebli f\u00f6r flickor under mensperioden.<\/p>\n","protected":false},"excerpt":{"rendered":"<p>Vi vill presentera Belladot Evelina lite n\u00e4rmare, speciellt f\u00f6r dig som \u00e4nnu inte stiftat bekantskap med henne. Kanske ni n\u00e5gon g\u00e5ng har tr\u00e4ffats i butikshyllan? Belladot Evelina \u00e4r en menskopp som finns i tv\u00e5 olika storlekar. I f\u00f6rpackningsdesignen f\u00f6r Evelina har vi valt en redan vedertagen f\u00e4rgkodning f\u00f6r mensskydd; bl\u00e5 f\u00f6r small &amp; medium och rosa f\u00f6r large &amp; plus. Allt f\u00f6r att g\u00f6ra valet enkelt och intuitivt. Konsumenten ska direkt se att det handlar om mensskydd och f\u00f6rst\u00e5 vilken storlek de ska v\u00e4lja. Belladots f\u00f6rpackningar \u00e4r positionerade f\u00f6r att sticka ut i hyllan. Drivkrafterna i varum\u00e4rket och designen \u00e4r [&hellip;]<\/p>\n","protected":false},"author":4,"featured_media":5920,"comment_status":"open","ping_status":"open","sticky":false,"template":"","format":"standard","meta":{"_acf_changed":false,"footnotes":""},"categories":[433],"tags":[],"class_list":["post-6557","post","type-post","status-publish","format-standard","has-post-thumbnail","hentry","category-tips"],"acf":[],"yoast_head":"<!-- This site is optimized with the Yoast SEO plugin v27.1.1 - https:\/\/yoast.com\/product\/yoast-seo-wordpress\/ -->\n<title>Har ni sett Belladot Evelina i butikshyllan? - Belladot<\/title>\n<meta name=\"description\" content=\"Belladot Evelina sticker ut i butikshyllan, nu \u00e4r den \u00e4ntligen f\u00e4rgkodad s\u00e5 konsumenten l\u00e4tt ska hitta r\u00e4tt storlek. Har ni st\u00f6tt p\u00e5 varandra?\" \/>\n<meta name=\"robots\" content=\"index, follow, max-snippet:-1, max-image-preview:large, max-video-preview:-1\" \/>\n<link rel=\"canonical\" href=\"http:\/\/belladot.com\/sv\/2017\/07\/17\/har-ni-sett-belladot-evelina\/\" \/>\n<meta property=\"og:locale\" content=\"sv_SE\" \/>\n<meta property=\"og:type\" content=\"article\" \/>\n<meta property=\"og:title\" content=\"Har ni sett Belladot Evelina i butikshyllan? - Belladot\" \/>\n<meta property=\"og:description\" content=\"Belladot Evelina sticker ut i butikshyllan, nu \u00e4r den \u00e4ntligen f\u00e4rgkodad s\u00e5 konsumenten l\u00e4tt ska hitta r\u00e4tt storlek. Har ni st\u00f6tt p\u00e5 varandra?\" \/>\n<meta property=\"og:url\" content=\"http:\/\/belladot.com\/sv\/2017\/07\/17\/har-ni-sett-belladot-evelina\/\" \/>\n<meta property=\"og:site_name\" content=\"Belladot\" \/>\n<meta property=\"article:published_time\" content=\"2017-07-17T09:05:02+00:00\" \/>\n<meta property=\"article:modified_time\" content=\"2017-07-21T09:10:15+00:00\" \/>\n<meta property=\"og:image\" content=\"http:\/\/belladot.com\/wp-content\/uploads\/2016\/09\/Evelina_pro_pack_s_m_l_p.png\" \/>\n\t<meta property=\"og:image:width\" content=\"737\" \/>\n\t<meta property=\"og:image:height\" content=\"482\" \/>\n\t<meta property=\"og:image:type\" content=\"image\/png\" \/>\n<meta name=\"author\" content=\"Christoffer Utbult\" \/>\n<meta name=\"twitter:label1\" content=\"Skriven av\" \/>\n\t<meta name=\"twitter:data1\" content=\"Christoffer Utbult\" \/>\n\t<meta name=\"twitter:label2\" content=\"Ber\u00e4knad l\u00e4stid\" \/>\n\t<meta name=\"twitter:data2\" content=\"2 minuter\" \/>\n<script type=\"application\/ld+json\" class=\"yoast-schema-graph\">{\"@context\":\"https:\/\/schema.org\",\"@graph\":[{\"@type\":\"Article\",\"@id\":\"http:\/\/belladot.com\/sv\/2017\/07\/17\/har-ni-sett-belladot-evelina\/#article\",\"isPartOf\":{\"@id\":\"http:\/\/belladot.com\/sv\/2017\/07\/17\/har-ni-sett-belladot-evelina\/\"},\"author\":{\"name\":\"Christoffer Utbult\",\"@id\":\"https:\/\/belladot.com\/#\/schema\/person\/d4c518a4f80b2c35f2236c46b5089c15\"},\"headline\":\"Har ni sett Belladot Evelina i butikshyllan?\",\"datePublished\":\"2017-07-17T09:05:02+00:00\",\"dateModified\":\"2017-07-21T09:10:15+00:00\",\"mainEntityOfPage\":{\"@id\":\"http:\/\/belladot.com\/sv\/2017\/07\/17\/har-ni-sett-belladot-evelina\/\"},\"wordCount\":309,\"commentCount\":0,\"image\":{\"@id\":\"http:\/\/belladot.com\/sv\/2017\/07\/17\/har-ni-sett-belladot-evelina\/#primaryimage\"},\"thumbnailUrl\":\"https:\/\/belladot.com\/wp-content\/uploads\/2016\/09\/Evelina_pro_pack_s_m_l_p.png\",\"articleSection\":[\"Tips &amp; r\u00e5d\"],\"inLanguage\":\"sv-SE\",\"potentialAction\":[{\"@type\":\"CommentAction\",\"name\":\"Comment\",\"target\":[\"http:\/\/belladot.com\/sv\/2017\/07\/17\/har-ni-sett-belladot-evelina\/#respond\"]}]},{\"@type\":\"WebPage\",\"@id\":\"http:\/\/belladot.com\/sv\/2017\/07\/17\/har-ni-sett-belladot-evelina\/\",\"url\":\"http:\/\/belladot.com\/sv\/2017\/07\/17\/har-ni-sett-belladot-evelina\/\",\"name\":\"Har ni sett Belladot Evelina i butikshyllan? - Belladot\",\"isPartOf\":{\"@id\":\"https:\/\/belladot.com\/#website\"},\"primaryImageOfPage\":{\"@id\":\"http:\/\/belladot.com\/sv\/2017\/07\/17\/har-ni-sett-belladot-evelina\/#primaryimage\"},\"image\":{\"@id\":\"http:\/\/belladot.com\/sv\/2017\/07\/17\/har-ni-sett-belladot-evelina\/#primaryimage\"},\"thumbnailUrl\":\"https:\/\/belladot.com\/wp-content\/uploads\/2016\/09\/Evelina_pro_pack_s_m_l_p.png\",\"datePublished\":\"2017-07-17T09:05:02+00:00\",\"dateModified\":\"2017-07-21T09:10:15+00:00\",\"author\":{\"@id\":\"https:\/\/belladot.com\/#\/schema\/person\/d4c518a4f80b2c35f2236c46b5089c15\"},\"description\":\"Belladot Evelina sticker ut i butikshyllan, nu \u00e4r den \u00e4ntligen f\u00e4rgkodad s\u00e5 konsumenten l\u00e4tt ska hitta r\u00e4tt storlek. Har ni st\u00f6tt p\u00e5 varandra?\",\"inLanguage\":\"sv-SE\",\"potentialAction\":[{\"@type\":\"ReadAction\",\"target\":[\"http:\/\/belladot.com\/sv\/2017\/07\/17\/har-ni-sett-belladot-evelina\/\"]}]},{\"@type\":\"ImageObject\",\"inLanguage\":\"sv-SE\",\"@id\":\"http:\/\/belladot.com\/sv\/2017\/07\/17\/har-ni-sett-belladot-evelina\/#primaryimage\",\"url\":\"https:\/\/belladot.com\/wp-content\/uploads\/2016\/09\/Evelina_pro_pack_s_m_l_p.png\",\"contentUrl\":\"https:\/\/belladot.com\/wp-content\/uploads\/2016\/09\/Evelina_pro_pack_s_m_l_p.png\",\"width\":737,\"height\":482,\"caption\":\"Belladot Evelina Menskopp\"},{\"@type\":\"WebSite\",\"@id\":\"https:\/\/belladot.com\/#website\",\"url\":\"https:\/\/belladot.com\/\",\"name\":\"Belladot\",\"description\":\"\",\"potentialAction\":[{\"@type\":\"SearchAction\",\"target\":{\"@type\":\"EntryPoint\",\"urlTemplate\":\"https:\/\/belladot.com\/?s={search_term_string}\"},\"query-input\":{\"@type\":\"PropertyValueSpecification\",\"valueRequired\":true,\"valueName\":\"search_term_string\"}}],\"inLanguage\":\"sv-SE\"},{\"@type\":\"Person\",\"@id\":\"https:\/\/belladot.com\/#\/schema\/person\/d4c518a4f80b2c35f2236c46b5089c15\",\"name\":\"Christoffer Utbult\",\"image\":{\"@type\":\"ImageObject\",\"inLanguage\":\"sv-SE\",\"@id\":\"https:\/\/belladot.com\/#\/schema\/person\/image\/\",\"url\":\"https:\/\/secure.gravatar.com\/avatar\/2611b94af747d31d62cfdfdbfb3ffa8ad933c9a8eb172c26a41586110d6a409c?s=96&d=mm&r=g\",\"contentUrl\":\"https:\/\/secure.gravatar.com\/avatar\/2611b94af747d31d62cfdfdbfb3ffa8ad933c9a8eb172c26a41586110d6a409c?s=96&d=mm&r=g\",\"caption\":\"Christoffer Utbult\"}}]}<\/script>\n<!-- \/ Yoast SEO plugin. -->","yoast_head_json":{"title":"Har ni sett Belladot Evelina i butikshyllan? - Belladot","description":"Belladot Evelina sticker ut i butikshyllan, nu \u00e4r den \u00e4ntligen f\u00e4rgkodad s\u00e5 konsumenten l\u00e4tt ska hitta r\u00e4tt storlek. Har ni st\u00f6tt p\u00e5 varandra?","robots":{"index":"index","follow":"follow","max-snippet":"max-snippet:-1","max-image-preview":"max-image-preview:large","max-video-preview":"max-video-preview:-1"},"canonical":"http:\/\/belladot.com\/sv\/2017\/07\/17\/har-ni-sett-belladot-evelina\/","og_locale":"sv_SE","og_type":"article","og_title":"Har ni sett Belladot Evelina i butikshyllan? - Belladot","og_description":"Belladot Evelina sticker ut i butikshyllan, nu \u00e4r den \u00e4ntligen f\u00e4rgkodad s\u00e5 konsumenten l\u00e4tt ska hitta r\u00e4tt storlek. Har ni st\u00f6tt p\u00e5 varandra?","og_url":"http:\/\/belladot.com\/sv\/2017\/07\/17\/har-ni-sett-belladot-evelina\/","og_site_name":"Belladot","article_published_time":"2017-07-17T09:05:02+00:00","article_modified_time":"2017-07-21T09:10:15+00:00","og_image":[{"width":737,"height":482,"url":"http:\/\/belladot.com\/wp-content\/uploads\/2016\/09\/Evelina_pro_pack_s_m_l_p.png","type":"image\/png"}],"author":"Christoffer Utbult","twitter_misc":{"Skriven av":"Christoffer Utbult","Ber\u00e4knad l\u00e4stid":"2 minuter"},"schema":{"@context":"https:\/\/schema.org","@graph":[{"@type":"Article","@id":"http:\/\/belladot.com\/sv\/2017\/07\/17\/har-ni-sett-belladot-evelina\/#article","isPartOf":{"@id":"http:\/\/belladot.com\/sv\/2017\/07\/17\/har-ni-sett-belladot-evelina\/"},"author":{"name":"Christoffer Utbult","@id":"https:\/\/belladot.com\/#\/schema\/person\/d4c518a4f80b2c35f2236c46b5089c15"},"headline":"Har ni sett Belladot Evelina i butikshyllan?","datePublished":"2017-07-17T09:05:02+00:00","dateModified":"2017-07-21T09:10:15+00:00","mainEntityOfPage":{"@id":"http:\/\/belladot.com\/sv\/2017\/07\/17\/har-ni-sett-belladot-evelina\/"},"wordCount":309,"commentCount":0,"image":{"@id":"http:\/\/belladot.com\/sv\/2017\/07\/17\/har-ni-sett-belladot-evelina\/#primaryimage"},"thumbnailUrl":"https:\/\/belladot.com\/wp-content\/uploads\/2016\/09\/Evelina_pro_pack_s_m_l_p.png","articleSection":["Tips &amp; r\u00e5d"],"inLanguage":"sv-SE","potentialAction":[{"@type":"CommentAction","name":"Comment","target":["http:\/\/belladot.com\/sv\/2017\/07\/17\/har-ni-sett-belladot-evelina\/#respond"]}]},{"@type":"WebPage","@id":"http:\/\/belladot.com\/sv\/2017\/07\/17\/har-ni-sett-belladot-evelina\/","url":"http:\/\/belladot.com\/sv\/2017\/07\/17\/har-ni-sett-belladot-evelina\/","name":"Har ni sett Belladot Evelina i butikshyllan? - Belladot","isPartOf":{"@id":"https:\/\/belladot.com\/#website"},"primaryImageOfPage":{"@id":"http:\/\/belladot.com\/sv\/2017\/07\/17\/har-ni-sett-belladot-evelina\/#primaryimage"},"image":{"@id":"http:\/\/belladot.com\/sv\/2017\/07\/17\/har-ni-sett-belladot-evelina\/#primaryimage"},"thumbnailUrl":"https:\/\/belladot.com\/wp-content\/uploads\/2016\/09\/Evelina_pro_pack_s_m_l_p.png","datePublished":"2017-07-17T09:05:02+00:00","dateModified":"2017-07-21T09:10:15+00:00","author":{"@id":"https:\/\/belladot.com\/#\/schema\/person\/d4c518a4f80b2c35f2236c46b5089c15"},"description":"Belladot Evelina sticker ut i butikshyllan, nu \u00e4r den \u00e4ntligen f\u00e4rgkodad s\u00e5 konsumenten l\u00e4tt ska hitta r\u00e4tt storlek. Har ni st\u00f6tt p\u00e5 varandra?","inLanguage":"sv-SE","potentialAction":[{"@type":"ReadAction","target":["http:\/\/belladot.com\/sv\/2017\/07\/17\/har-ni-sett-belladot-evelina\/"]}]},{"@type":"ImageObject","inLanguage":"sv-SE","@id":"http:\/\/belladot.com\/sv\/2017\/07\/17\/har-ni-sett-belladot-evelina\/#primaryimage","url":"https:\/\/belladot.com\/wp-content\/uploads\/2016\/09\/Evelina_pro_pack_s_m_l_p.png","contentUrl":"https:\/\/belladot.com\/wp-content\/uploads\/2016\/09\/Evelina_pro_pack_s_m_l_p.png","width":737,"height":482,"caption":"Belladot Evelina Menskopp"},{"@type":"WebSite","@id":"https:\/\/belladot.com\/#website","url":"https:\/\/belladot.com\/","name":"Belladot","description":"","potentialAction":[{"@type":"SearchAction","target":{"@type":"EntryPoint","urlTemplate":"https:\/\/belladot.com\/?s={search_term_string}"},"query-input":{"@type":"PropertyValueSpecification","valueRequired":true,"valueName":"search_term_string"}}],"inLanguage":"sv-SE"},{"@type":"Person","@id":"https:\/\/belladot.com\/#\/schema\/person\/d4c518a4f80b2c35f2236c46b5089c15","name":"Christoffer Utbult","image":{"@type":"ImageObject","inLanguage":"sv-SE","@id":"https:\/\/belladot.com\/#\/schema\/person\/image\/","url":"https:\/\/secure.gravatar.com\/avatar\/2611b94af747d31d62cfdfdbfb3ffa8ad933c9a8eb172c26a41586110d6a409c?s=96&d=mm&r=g","contentUrl":"https:\/\/secure.gravatar.com\/avatar\/2611b94af747d31d62cfdfdbfb3ffa8ad933c9a8eb172c26a41586110d6a409c?s=96&d=mm&r=g","caption":"Christoffer Utbult"}}]}},"_links":{"self":[{"href":"https:\/\/belladot.com\/sv\/wp-json\/wp\/v2\/posts\/6557","targetHints":{"allow":["GET"]}}],"collection":[{"href":"https:\/\/belladot.com\/sv\/wp-json\/wp\/v2\/posts"}],"about":[{"href":"https:\/\/belladot.com\/sv\/wp-json\/wp\/v2\/types\/post"}],"author":[{"embeddable":true,"href":"https:\/\/belladot.com\/sv\/wp-json\/wp\/v2\/users\/4"}],"replies":[{"embeddable":true,"href":"https:\/\/belladot.com\/sv\/wp-json\/wp\/v2\/comments?post=6557"}],"version-history":[{"count":0,"href":"https:\/\/belladot.com\/sv\/wp-json\/wp\/v2\/posts\/6557\/revisions"}],"wp:featuredmedia":[{"embeddable":true,"href":"https:\/\/belladot.com\/sv\/wp-json\/wp\/v2\/media\/5920"}],"wp:attachment":[{"href":"https:\/\/belladot.com\/sv\/wp-json\/wp\/v2\/media?parent=6557"}],"wp:term":[{"taxonomy":"category","embeddable":true,"href":"https:\/\/belladot.com\/sv\/wp-json\/wp\/v2\/categories?post=6557"},{"taxonomy":"post_tag","embeddable":true,"href":"https:\/\/belladot.com\/sv\/wp-json\/wp\/v2\/tags?post=6557"}],"curies":[{"name":"wp","href":"https:\/\/api.w.org\/{rel}","templated":true}]}}