{"id":6657,"date":"2017-11-02T09:18:35","date_gmt":"2017-11-02T08:18:35","guid":{"rendered":"http:\/\/belladot.com.loopiadns.com.loopiadns.com\/?p=6657\/"},"modified":"2017-11-02T09:59:00","modified_gmt":"2017-11-02T08:59:00","slug":"anna-bytte-till-evelina-menskopp","status":"publish","type":"post","link":"https:\/\/belladot.com\/sv\/2017\/11\/02\/anna-bytte-till-evelina-menskopp\/","title":{"rendered":"Anna bytte till Evelina menskopp: &#8221;Jag \u00e4r j\u00e4tten\u00f6jd!&#8221;"},"content":{"rendered":"<p>Anna, 28, hade l\u00e4nge t\u00e4nkt byta tamponger mot n\u00e5got som k\u00e4nns b\u00e4ttre f\u00f6r b\u00e5de milj\u00f6n och kroppen. Efter noga \u00f6verv\u00e4gande s\u00e5 f\u00f6ll valet p\u00e5 Evelina menskopp.<\/p>\n<p>\u2013 Jag \u00e4r j\u00e4tten\u00f6jd med Evelina menskopp! Det var\u00a0inga problem med att f\u00e5 den p\u00e5 plats, inte ens f\u00f6rsta g\u00e5ngen, ber\u00e4ttar Anna. Jag l\u00e4ste instruktionerna noga innan och fick tips av en kompis p\u00e5 hur man ska vika och f\u00f6ra in den p\u00e5 r\u00e4tt s\u00e4tt.<\/p>\n<p>D\u00e5 alla \u00e4r olika kan det beh\u00f6vas lite tr\u00e4ning f\u00f6r att f\u00e5 in och ut menskoppen. Anna tyckte det var lite klurigt att f\u00e5 ut menskoppen f\u00f6rsta g\u00e5ngen, men l\u00e4rde sig snabbt tekniken.<\/p>\n<p>\u2013 I b\u00f6rjan var det lite sm\u00e5kr\u00e5ngligt att f\u00e5 ut den, men med ett stadigt grepp och lite vickande s\u00e5 g\u00e5r det j\u00e4ttel\u00e4tt.<\/p>\n<h3>Frihet med Evelina menskopp<\/h3>\n<p>F\u00f6r Anna var det sk\u00f6nt att slippa anv\u00e4nda tamponger och bindor.<\/p>\n<p>\u2013 Det k\u00e4nns enklare, fr\u00e4schare och mycket smidigare med menskopp \u00e4n till exempel tamponger. Jag beh\u00f6ver inte byta lika ofta eller vara r\u00e4dd f\u00f6r att det ska l\u00e4cka. S\u00e5 sk\u00f6nt att slippa kr\u00e5ngla med bindor p\u00e5 n\u00e4tterna. Vilken frihet!<\/p>\n<h3>Farliga \u00e4mnen i mensskydd ska granskas<\/h3>\n<p>Kemikalieinspektionen har f\u00e5tt i uppdrag av regeringen att <a href=\"https:\/\/www.svt.se\/nyheter\/inrikes\/myndighet-ska-granska-farliga-amnen-i-tamponger\" target=\"_blank\" rel=\"noopener\">g\u00f6ra en stor kartl\u00e4ggning av farliga \u00e4mnen i bland annat intimhygienprodukter som tamponger, bindor och menskoppar.<\/a> Ingen myndighet har tidigare granskat hur de olika mensskydden som s\u00e4ljs i butik p\u00e5verkar kroppen.<\/p>\n<p><a href=\"http:\/\/belladot.com.loopiadns.com\/sv\/products\/evelina-menskopp\/\">Med Evelina menskopp kan Anna och alla andra k\u00e4nna sig trygga.<\/a> Den \u00e4r gjord av 100% s\u00e4ker silikon och \u00e4r helt fri fr\u00e5n\u00a0BPA, blekmedel, ftalater, lim och latex.<\/p>\n","protected":false},"excerpt":{"rendered":"<p>Anna, 28, hade l\u00e4nge t\u00e4nkt byta tamponger mot n\u00e5got som k\u00e4nns b\u00e4ttre f\u00f6r b\u00e5de milj\u00f6n och kroppen. Efter noga \u00f6verv\u00e4gande s\u00e5 f\u00f6ll valet p\u00e5 Evelina menskopp. \u2013 Jag \u00e4r j\u00e4tten\u00f6jd med Evelina menskopp! Det var\u00a0inga problem med att f\u00e5 den p\u00e5 plats, inte ens f\u00f6rsta g\u00e5ngen, ber\u00e4ttar Anna. Jag l\u00e4ste instruktionerna noga innan och fick tips av en kompis p\u00e5 hur man ska vika och f\u00f6ra in den p\u00e5 r\u00e4tt s\u00e4tt. D\u00e5 alla \u00e4r olika kan det beh\u00f6vas lite tr\u00e4ning f\u00f6r att f\u00e5 in och ut menskoppen. Anna tyckte det var lite klurigt att f\u00e5 ut menskoppen f\u00f6rsta g\u00e5ngen, men [&hellip;]<\/p>\n","protected":false},"author":4,"featured_media":6669,"comment_status":"open","ping_status":"open","sticky":false,"template":"","format":"standard","meta":{"_acf_changed":false,"footnotes":""},"categories":[433],"tags":[],"class_list":["post-6657","post","type-post","status-publish","format-standard","has-post-thumbnail","hentry","category-tips"],"acf":[],"yoast_head":"<!-- This site is optimized with the Yoast SEO plugin v27.1.1 - https:\/\/yoast.com\/product\/yoast-seo-wordpress\/ -->\n<title>Anna bytte till Evelina menskopp: &quot;Jag \u00e4r j\u00e4tten\u00f6jd!&quot;<\/title>\n<meta name=\"description\" content=\"Anna, 28, bytte tamponger och bindor mot Evelina menskopp: &quot;Det k\u00e4nns b\u00e4ttre f\u00f6r kroppen och milj\u00f6n, dessutom \u00e4r det enklare och fr\u00e4schare!&quot;\" \/>\n<meta name=\"robots\" content=\"index, follow, max-snippet:-1, max-image-preview:large, max-video-preview:-1\" \/>\n<link rel=\"canonical\" href=\"https:\/\/belladot.com\/sv\/2017\/11\/02\/anna-bytte-till-evelina-menskopp\/\" \/>\n<meta property=\"og:locale\" content=\"sv_SE\" \/>\n<meta property=\"og:type\" content=\"article\" \/>\n<meta property=\"og:title\" content=\"Anna bytte till Evelina menskopp: &quot;Jag \u00e4r j\u00e4tten\u00f6jd!&quot;\" \/>\n<meta property=\"og:description\" content=\"Anna, 28, bytte tamponger och bindor mot Evelina menskopp: &quot;Det k\u00e4nns b\u00e4ttre f\u00f6r kroppen och milj\u00f6n, dessutom \u00e4r det enklare och fr\u00e4schare!&quot;\" \/>\n<meta property=\"og:url\" content=\"https:\/\/belladot.com\/sv\/2017\/11\/02\/anna-bytte-till-evelina-menskopp\/\" \/>\n<meta property=\"og:site_name\" content=\"Belladot\" \/>\n<meta property=\"article:published_time\" content=\"2017-11-02T08:18:35+00:00\" \/>\n<meta property=\"article:modified_time\" content=\"2017-11-02T08:59:00+00:00\" \/>\n<meta property=\"og:image\" content=\"https:\/\/belladot.com\/wp-content\/uploads\/2017\/11\/IMG_Anna_Evelina-Menskopp_1200x1200_mini.jpg\" \/>\n\t<meta property=\"og:image:width\" content=\"1200\" \/>\n\t<meta property=\"og:image:height\" content=\"1200\" \/>\n\t<meta property=\"og:image:type\" content=\"image\/jpeg\" \/>\n<meta name=\"author\" content=\"Christoffer Utbult\" \/>\n<meta name=\"twitter:label1\" content=\"Skriven av\" \/>\n\t<meta name=\"twitter:data1\" content=\"Christoffer Utbult\" \/>\n\t<meta name=\"twitter:label2\" content=\"Ber\u00e4knad l\u00e4stid\" \/>\n\t<meta name=\"twitter:data2\" content=\"2 minuter\" \/>\n<script type=\"application\/ld+json\" class=\"yoast-schema-graph\">{\"@context\":\"https:\/\/schema.org\",\"@graph\":[{\"@type\":\"Article\",\"@id\":\"https:\/\/belladot.com\/sv\/2017\/11\/02\/anna-bytte-till-evelina-menskopp\/#article\",\"isPartOf\":{\"@id\":\"https:\/\/belladot.com\/sv\/2017\/11\/02\/anna-bytte-till-evelina-menskopp\/\"},\"author\":{\"name\":\"Christoffer Utbult\",\"@id\":\"https:\/\/belladot.com\/#\/schema\/person\/d4c518a4f80b2c35f2236c46b5089c15\"},\"headline\":\"Anna bytte till Evelina menskopp: &#8221;Jag \u00e4r j\u00e4tten\u00f6jd!&#8221;\",\"datePublished\":\"2017-11-02T08:18:35+00:00\",\"dateModified\":\"2017-11-02T08:59:00+00:00\",\"mainEntityOfPage\":{\"@id\":\"https:\/\/belladot.com\/sv\/2017\/11\/02\/anna-bytte-till-evelina-menskopp\/\"},\"wordCount\":312,\"commentCount\":0,\"image\":{\"@id\":\"https:\/\/belladot.com\/sv\/2017\/11\/02\/anna-bytte-till-evelina-menskopp\/#primaryimage\"},\"thumbnailUrl\":\"https:\/\/belladot.com\/wp-content\/uploads\/2017\/11\/IMG_Anna_Evelina-Menskopp_1200x1200_mini.jpg\",\"articleSection\":[\"Tips &amp; r\u00e5d\"],\"inLanguage\":\"sv-SE\",\"potentialAction\":[{\"@type\":\"CommentAction\",\"name\":\"Comment\",\"target\":[\"https:\/\/belladot.com\/sv\/2017\/11\/02\/anna-bytte-till-evelina-menskopp\/#respond\"]}]},{\"@type\":\"WebPage\",\"@id\":\"https:\/\/belladot.com\/sv\/2017\/11\/02\/anna-bytte-till-evelina-menskopp\/\",\"url\":\"https:\/\/belladot.com\/sv\/2017\/11\/02\/anna-bytte-till-evelina-menskopp\/\",\"name\":\"Anna bytte till Evelina menskopp: \\\"Jag \u00e4r j\u00e4tten\u00f6jd!\\\"\",\"isPartOf\":{\"@id\":\"https:\/\/belladot.com\/#website\"},\"primaryImageOfPage\":{\"@id\":\"https:\/\/belladot.com\/sv\/2017\/11\/02\/anna-bytte-till-evelina-menskopp\/#primaryimage\"},\"image\":{\"@id\":\"https:\/\/belladot.com\/sv\/2017\/11\/02\/anna-bytte-till-evelina-menskopp\/#primaryimage\"},\"thumbnailUrl\":\"https:\/\/belladot.com\/wp-content\/uploads\/2017\/11\/IMG_Anna_Evelina-Menskopp_1200x1200_mini.jpg\",\"datePublished\":\"2017-11-02T08:18:35+00:00\",\"dateModified\":\"2017-11-02T08:59:00+00:00\",\"author\":{\"@id\":\"https:\/\/belladot.com\/#\/schema\/person\/d4c518a4f80b2c35f2236c46b5089c15\"},\"description\":\"Anna, 28, bytte tamponger och bindor mot Evelina menskopp: \\\"Det k\u00e4nns b\u00e4ttre f\u00f6r kroppen och milj\u00f6n, dessutom \u00e4r det enklare och fr\u00e4schare!\\\"\",\"inLanguage\":\"sv-SE\",\"potentialAction\":[{\"@type\":\"ReadAction\",\"target\":[\"https:\/\/belladot.com\/sv\/2017\/11\/02\/anna-bytte-till-evelina-menskopp\/\"]}]},{\"@type\":\"ImageObject\",\"inLanguage\":\"sv-SE\",\"@id\":\"https:\/\/belladot.com\/sv\/2017\/11\/02\/anna-bytte-till-evelina-menskopp\/#primaryimage\",\"url\":\"https:\/\/belladot.com\/wp-content\/uploads\/2017\/11\/IMG_Anna_Evelina-Menskopp_1200x1200_mini.jpg\",\"contentUrl\":\"https:\/\/belladot.com\/wp-content\/uploads\/2017\/11\/IMG_Anna_Evelina-Menskopp_1200x1200_mini.jpg\",\"width\":1200,\"height\":1200,\"caption\":\"Anna \u00e4r n\u00f6jd med sin Evelina Menskopp\"},{\"@type\":\"WebSite\",\"@id\":\"https:\/\/belladot.com\/#website\",\"url\":\"https:\/\/belladot.com\/\",\"name\":\"Belladot\",\"description\":\"\",\"potentialAction\":[{\"@type\":\"SearchAction\",\"target\":{\"@type\":\"EntryPoint\",\"urlTemplate\":\"https:\/\/belladot.com\/?s={search_term_string}\"},\"query-input\":{\"@type\":\"PropertyValueSpecification\",\"valueRequired\":true,\"valueName\":\"search_term_string\"}}],\"inLanguage\":\"sv-SE\"},{\"@type\":\"Person\",\"@id\":\"https:\/\/belladot.com\/#\/schema\/person\/d4c518a4f80b2c35f2236c46b5089c15\",\"name\":\"Christoffer Utbult\",\"image\":{\"@type\":\"ImageObject\",\"inLanguage\":\"sv-SE\",\"@id\":\"https:\/\/belladot.com\/#\/schema\/person\/image\/\",\"url\":\"https:\/\/secure.gravatar.com\/avatar\/2611b94af747d31d62cfdfdbfb3ffa8ad933c9a8eb172c26a41586110d6a409c?s=96&d=mm&r=g\",\"contentUrl\":\"https:\/\/secure.gravatar.com\/avatar\/2611b94af747d31d62cfdfdbfb3ffa8ad933c9a8eb172c26a41586110d6a409c?s=96&d=mm&r=g\",\"caption\":\"Christoffer Utbult\"}}]}<\/script>\n<!-- \/ Yoast SEO plugin. -->","yoast_head_json":{"title":"Anna bytte till Evelina menskopp: \"Jag \u00e4r j\u00e4tten\u00f6jd!\"","description":"Anna, 28, bytte tamponger och bindor mot Evelina menskopp: \"Det k\u00e4nns b\u00e4ttre f\u00f6r kroppen och milj\u00f6n, dessutom \u00e4r det enklare och fr\u00e4schare!\"","robots":{"index":"index","follow":"follow","max-snippet":"max-snippet:-1","max-image-preview":"max-image-preview:large","max-video-preview":"max-video-preview:-1"},"canonical":"https:\/\/belladot.com\/sv\/2017\/11\/02\/anna-bytte-till-evelina-menskopp\/","og_locale":"sv_SE","og_type":"article","og_title":"Anna bytte till Evelina menskopp: \"Jag \u00e4r j\u00e4tten\u00f6jd!\"","og_description":"Anna, 28, bytte tamponger och bindor mot Evelina menskopp: \"Det k\u00e4nns b\u00e4ttre f\u00f6r kroppen och milj\u00f6n, dessutom \u00e4r det enklare och fr\u00e4schare!\"","og_url":"https:\/\/belladot.com\/sv\/2017\/11\/02\/anna-bytte-till-evelina-menskopp\/","og_site_name":"Belladot","article_published_time":"2017-11-02T08:18:35+00:00","article_modified_time":"2017-11-02T08:59:00+00:00","og_image":[{"width":1200,"height":1200,"url":"https:\/\/belladot.com\/wp-content\/uploads\/2017\/11\/IMG_Anna_Evelina-Menskopp_1200x1200_mini.jpg","type":"image\/jpeg"}],"author":"Christoffer Utbult","twitter_misc":{"Skriven av":"Christoffer Utbult","Ber\u00e4knad l\u00e4stid":"2 minuter"},"schema":{"@context":"https:\/\/schema.org","@graph":[{"@type":"Article","@id":"https:\/\/belladot.com\/sv\/2017\/11\/02\/anna-bytte-till-evelina-menskopp\/#article","isPartOf":{"@id":"https:\/\/belladot.com\/sv\/2017\/11\/02\/anna-bytte-till-evelina-menskopp\/"},"author":{"name":"Christoffer Utbult","@id":"https:\/\/belladot.com\/#\/schema\/person\/d4c518a4f80b2c35f2236c46b5089c15"},"headline":"Anna bytte till Evelina menskopp: &#8221;Jag \u00e4r j\u00e4tten\u00f6jd!&#8221;","datePublished":"2017-11-02T08:18:35+00:00","dateModified":"2017-11-02T08:59:00+00:00","mainEntityOfPage":{"@id":"https:\/\/belladot.com\/sv\/2017\/11\/02\/anna-bytte-till-evelina-menskopp\/"},"wordCount":312,"commentCount":0,"image":{"@id":"https:\/\/belladot.com\/sv\/2017\/11\/02\/anna-bytte-till-evelina-menskopp\/#primaryimage"},"thumbnailUrl":"https:\/\/belladot.com\/wp-content\/uploads\/2017\/11\/IMG_Anna_Evelina-Menskopp_1200x1200_mini.jpg","articleSection":["Tips &amp; r\u00e5d"],"inLanguage":"sv-SE","potentialAction":[{"@type":"CommentAction","name":"Comment","target":["https:\/\/belladot.com\/sv\/2017\/11\/02\/anna-bytte-till-evelina-menskopp\/#respond"]}]},{"@type":"WebPage","@id":"https:\/\/belladot.com\/sv\/2017\/11\/02\/anna-bytte-till-evelina-menskopp\/","url":"https:\/\/belladot.com\/sv\/2017\/11\/02\/anna-bytte-till-evelina-menskopp\/","name":"Anna bytte till Evelina menskopp: \"Jag \u00e4r j\u00e4tten\u00f6jd!\"","isPartOf":{"@id":"https:\/\/belladot.com\/#website"},"primaryImageOfPage":{"@id":"https:\/\/belladot.com\/sv\/2017\/11\/02\/anna-bytte-till-evelina-menskopp\/#primaryimage"},"image":{"@id":"https:\/\/belladot.com\/sv\/2017\/11\/02\/anna-bytte-till-evelina-menskopp\/#primaryimage"},"thumbnailUrl":"https:\/\/belladot.com\/wp-content\/uploads\/2017\/11\/IMG_Anna_Evelina-Menskopp_1200x1200_mini.jpg","datePublished":"2017-11-02T08:18:35+00:00","dateModified":"2017-11-02T08:59:00+00:00","author":{"@id":"https:\/\/belladot.com\/#\/schema\/person\/d4c518a4f80b2c35f2236c46b5089c15"},"description":"Anna, 28, bytte tamponger och bindor mot Evelina menskopp: \"Det k\u00e4nns b\u00e4ttre f\u00f6r kroppen och milj\u00f6n, dessutom \u00e4r det enklare och fr\u00e4schare!\"","inLanguage":"sv-SE","potentialAction":[{"@type":"ReadAction","target":["https:\/\/belladot.com\/sv\/2017\/11\/02\/anna-bytte-till-evelina-menskopp\/"]}]},{"@type":"ImageObject","inLanguage":"sv-SE","@id":"https:\/\/belladot.com\/sv\/2017\/11\/02\/anna-bytte-till-evelina-menskopp\/#primaryimage","url":"https:\/\/belladot.com\/wp-content\/uploads\/2017\/11\/IMG_Anna_Evelina-Menskopp_1200x1200_mini.jpg","contentUrl":"https:\/\/belladot.com\/wp-content\/uploads\/2017\/11\/IMG_Anna_Evelina-Menskopp_1200x1200_mini.jpg","width":1200,"height":1200,"caption":"Anna \u00e4r n\u00f6jd med sin Evelina Menskopp"},{"@type":"WebSite","@id":"https:\/\/belladot.com\/#website","url":"https:\/\/belladot.com\/","name":"Belladot","description":"","potentialAction":[{"@type":"SearchAction","target":{"@type":"EntryPoint","urlTemplate":"https:\/\/belladot.com\/?s={search_term_string}"},"query-input":{"@type":"PropertyValueSpecification","valueRequired":true,"valueName":"search_term_string"}}],"inLanguage":"sv-SE"},{"@type":"Person","@id":"https:\/\/belladot.com\/#\/schema\/person\/d4c518a4f80b2c35f2236c46b5089c15","name":"Christoffer Utbult","image":{"@type":"ImageObject","inLanguage":"sv-SE","@id":"https:\/\/belladot.com\/#\/schema\/person\/image\/","url":"https:\/\/secure.gravatar.com\/avatar\/2611b94af747d31d62cfdfdbfb3ffa8ad933c9a8eb172c26a41586110d6a409c?s=96&d=mm&r=g","contentUrl":"https:\/\/secure.gravatar.com\/avatar\/2611b94af747d31d62cfdfdbfb3ffa8ad933c9a8eb172c26a41586110d6a409c?s=96&d=mm&r=g","caption":"Christoffer Utbult"}}]}},"_links":{"self":[{"href":"https:\/\/belladot.com\/sv\/wp-json\/wp\/v2\/posts\/6657","targetHints":{"allow":["GET"]}}],"collection":[{"href":"https:\/\/belladot.com\/sv\/wp-json\/wp\/v2\/posts"}],"about":[{"href":"https:\/\/belladot.com\/sv\/wp-json\/wp\/v2\/types\/post"}],"author":[{"embeddable":true,"href":"https:\/\/belladot.com\/sv\/wp-json\/wp\/v2\/users\/4"}],"replies":[{"embeddable":true,"href":"https:\/\/belladot.com\/sv\/wp-json\/wp\/v2\/comments?post=6657"}],"version-history":[{"count":0,"href":"https:\/\/belladot.com\/sv\/wp-json\/wp\/v2\/posts\/6657\/revisions"}],"wp:featuredmedia":[{"embeddable":true,"href":"https:\/\/belladot.com\/sv\/wp-json\/wp\/v2\/media\/6669"}],"wp:attachment":[{"href":"https:\/\/belladot.com\/sv\/wp-json\/wp\/v2\/media?parent=6657"}],"wp:term":[{"taxonomy":"category","embeddable":true,"href":"https:\/\/belladot.com\/sv\/wp-json\/wp\/v2\/categories?post=6657"},{"taxonomy":"post_tag","embeddable":true,"href":"https:\/\/belladot.com\/sv\/wp-json\/wp\/v2\/tags?post=6657"}],"curies":[{"name":"wp","href":"https:\/\/api.w.org\/{rel}","templated":true}]}}